{"id":4097,"date":"2022-10-08T14:01:12","date_gmt":"2022-10-08T14:01:12","guid":{"rendered":"https:\/\/did-dev.net\/mineddte\/?p=4097"},"modified":"2022-10-11T14:24:00","modified_gmt":"2022-10-11T14:24:00","slug":"reglementation-des-produits-biocides-face-aux-senateurs-le-ministre-jean-luc-assi-presente-les-enjeux-environnementaux","status":"publish","type":"post","link":"https:\/\/did-dev.net\/mineddte\/reglementation-des-produits-biocides-face-aux-senateurs-le-ministre-jean-luc-assi-presente-les-enjeux-environnementaux\/","title":{"rendered":"REGLEMENTATION DES PRODUITS BIOCIDES : FACE AUX SENATEURS, LE MINISTRE JEAN-LUC ASSI PRESENTE LES ENJEUX ENVIRONNEMENTAUX"},"content":{"rendered":"<p style=\"text-align: justify;\"><span style=\"font-family: verdana, geneva, sans-serif;\"><img decoding=\"async\" loading=\"lazy\" class=\"size-full wp-image-4106 aligncenter\" src=\"https:\/\/did-dev.net\/mineddte\/wp-content\/uploads\/2022\/10\/SENAT-IMAGE-scaled.jpg\" alt=\"\" width=\"2560\" height=\"1005\" srcset=\"https:\/\/did-dev.net\/mineddte\/wp-content\/uploads\/2022\/10\/SENAT-IMAGE-scaled.jpg 2560w, https:\/\/did-dev.net\/mineddte\/wp-content\/uploads\/2022\/10\/SENAT-IMAGE-262x103.jpg 262w, https:\/\/did-dev.net\/mineddte\/wp-content\/uploads\/2022\/10\/SENAT-IMAGE-847x332.jpg 847w, https:\/\/did-dev.net\/mineddte\/wp-content\/uploads\/2022\/10\/SENAT-IMAGE-100x39.jpg 100w, https:\/\/did-dev.net\/mineddte\/wp-content\/uploads\/2022\/10\/SENAT-IMAGE-1536x603.jpg 1536w, https:\/\/did-dev.net\/mineddte\/wp-content\/uploads\/2022\/10\/SENAT-IMAGE-2048x804.jpg 2048w\" sizes=\"(max-width: 2560px) 100vw, 2560px\" \/><\/span><\/p>\n<p style=\"text-align: justify;\"><span style=\"font-family: verdana, geneva, sans-serif;\">Le Ministre de l\u2019Environnement et du D\u00e9veloppement Durable monsieur Jean-Luc Assi \u00e9taient le vendredi 07 Octobre 2022, face aux repr\u00e9sentants de la deuxi\u00e8me Chambre parlementaire (les S\u00e9nateurs), \u00e0 Yamoussoukro.<\/span><\/p>\n<p style=\"text-align: justify;\"><span style=\"font-family: verdana, geneva, sans-serif;\">Abordant le th\u00e8me&#8221; <strong><em>les produits biocides, quelle r\u00e9glementation contr\u00f4l\u00e9e en C\u00f4te d&#8217;Ivoire&#8221;\u00a0?<\/em><\/strong>, le Ministre Jean Luc Assi a montr\u00e9 la n\u00e9cessit\u00e9 pour notre pays, d\u2019asseoir une r\u00e9glementation vigoureuse autour des produits biocides afin de prot\u00e9ger les hommes et leur environnement. \u00a0<\/span><\/p>\n<p style=\"text-align: justify;\"><span style=\"font-family: verdana, geneva, sans-serif;\">Parler de biocides, c\u2019est faire r\u00e9f\u00e9rence aux substances destin\u00e9es \u00e0 d\u00e9truire, repousser ou rendre inoffensifs certains organismes nuisibles dans les secteurs non agricoles. Par exemple, on peut citer les applications pour la conservation des bois, la d\u00e9sinfection ou certains usages domestiques. En somme, les produits biocides sont sp\u00e9cifiquement des produits chimiques qui interviennent dans tous les secteurs d\u2019activit\u00e9 et dans notre vie quotidienne. Leur utilisation, en dehors des normes requises sont un danger pour la sant\u00e9 et l\u2019environnement, avec parfois des cons\u00e9quences irr\u00e9versibles. \u00a0Ces produits, souvent mal utilis\u00e9s, sont \u00e0 l\u2019origine de plusieurs maladies (des allergies, de l&#8217;asphyxie, des intoxications aigu\u00ebs, cancers, perturbations endocriniennes, infertilit\u00e9, maladies de Parkinson, saturnisme, maladies respiratoires, maladies hydriques, etc\u2026) et de d\u00e9gradation de l\u2019environnement par la contamination de l\u2019air, l\u2019eau, le sol, le sous-sol et les nappes souterraines.<\/span><\/p>\n<p style=\"text-align: justify;\"><span style=\"font-family: verdana, geneva, sans-serif;\">C\u2019est pourquoi, la C\u00f4te d\u2019Ivoire a ratifi\u00e9 plusieurs conventions internationales et r\u00e9gionales qui prouvent l\u2019engagement du pays \u00e0 trouver l\u2019\u00e9quilibre entre l\u2019utilisation de ces produits et ses impacts sur les matrices environnementales et la production agricole, a soulign\u00e9 le Ministre. Ce sont, entre autres les conventions de Bamako, de Rotterdam, de Stockholm, de Minamata et de B\u00e2le.<\/span><\/p>\n<p style=\"text-align: justify;\"><span style=\"font-family: verdana, geneva, sans-serif;\"><em>\u00ab\u00a0Notre pays, n\u2019a m\u00e9nag\u00e9 aucun effort pour prendre part aux diff\u00e9rentes rencontres internationales et r\u00e9gionales, en vue d\u2019apporter sa pierre \u00e0 l\u2019\u00e9difice de protection de la sant\u00e9 humaine et l\u2019environnement face aux effets n\u00e9fastes des produits chimiques \u00bb a-t-il indiqu\u00e9.<\/em><\/span><\/p>\n<p style=\"text-align: justify;\"><span style=\"font-family: verdana, geneva, sans-serif;\">L\u2019ensemble de ces Conventions visent la gestion \u00e9cologiquement rationnelle des produits chimiques. Sp\u00e9cifiquement, il s\u2019agit d\u2019\u00e9viter les stocks de produis obsol\u00e8tes, de d\u00e9velopper des produits les moins dangereux possible, de produire le moins possible de d\u00e9chets de produits chimiques. Aussi, il s\u2019agit de contr\u00f4ler et traiter ces d\u00e9chets pour \u00e9viter qu\u2019ils d\u00e9truisent la sant\u00e9 et l\u2019environnement\u00a0; pr\u00e9venir le trafic illicite, r\u00e9duire au maximum les risques li\u00e9s aux produits chimiques et leurs d\u00e9chets.<\/span><\/p>\n<p style=\"text-align: justify;\"><span style=\"font-family: verdana, geneva, sans-serif;\">Par ailleurs, vue la transversalit\u00e9 du sujet, les interventions de Monsieur Kobenan Kouassi ADJOUMANI, Ministre d\u2019Etat, Ministre de l\u2019Agriculture et du D\u00e9veloppement Rural\u00a0et Monsieur Souleymane DIARRASSOUBA, Ministre du Commerce, de l\u2019Industrie et de la Promotion des PME ont renforc\u00e9 la perception des s\u00e9nateurs sur l\u2019urgence de la gestion et de la r\u00e9glementation des biocides en C\u00f4te d\u2019Ivoire.<\/span><\/p>\n","protected":false},"excerpt":{"rendered":"<p>Le Ministre de l\u2019Environnement et du D\u00e9veloppement Durable monsieur Jean-Luc Assi \u00e9taient le vendredi 07 Octobre 2022, face aux repr\u00e9sentants de la deuxi\u00e8me Chambre parlementaire (les S\u00e9nateurs), \u00e0 Yamoussoukro. Abordant [&hellip;]<\/p>\n","protected":false},"author":1,"featured_media":4106,"comment_status":"closed","ping_status":"closed","sticky":false,"template":"","format":"standard","meta":{"_lmt_disableupdate":"no","_lmt_disable":"","pgc_sgb_lightbox_settings":""},"categories":[58],"tags":[],"post_folder":[59],"modified_by":"MINEDD","_links":{"self":[{"href":"https:\/\/did-dev.net\/mineddte\/wp-json\/wp\/v2\/posts\/4097"}],"collection":[{"href":"https:\/\/did-dev.net\/mineddte\/wp-json\/wp\/v2\/posts"}],"about":[{"href":"https:\/\/did-dev.net\/mineddte\/wp-json\/wp\/v2\/types\/post"}],"author":[{"embeddable":true,"href":"https:\/\/did-dev.net\/mineddte\/wp-json\/wp\/v2\/users\/1"}],"replies":[{"embeddable":true,"href":"https:\/\/did-dev.net\/mineddte\/wp-json\/wp\/v2\/comments?post=4097"}],"version-history":[{"count":5,"href":"https:\/\/did-dev.net\/mineddte\/wp-json\/wp\/v2\/posts\/4097\/revisions"}],"predecessor-version":[{"id":4107,"href":"https:\/\/did-dev.net\/mineddte\/wp-json\/wp\/v2\/posts\/4097\/revisions\/4107"}],"wp:featuredmedia":[{"embeddable":true,"href":"https:\/\/did-dev.net\/mineddte\/wp-json\/wp\/v2\/media\/4106"}],"wp:attachment":[{"href":"https:\/\/did-dev.net\/mineddte\/wp-json\/wp\/v2\/media?parent=4097"}],"wp:term":[{"taxonomy":"category","embeddable":true,"href":"https:\/\/did-dev.net\/mineddte\/wp-json\/wp\/v2\/categories?post=4097"},{"taxonomy":"post_tag","embeddable":true,"href":"https:\/\/did-dev.net\/mineddte\/wp-json\/wp\/v2\/tags?post=4097"},{"taxonomy":"post_folder","embeddable":true,"href":"https:\/\/did-dev.net\/mineddte\/wp-json\/wp\/v2\/post_folder?post=4097"}],"curies":[{"name":"wp","href":"https:\/\/api.w.org\/{rel}","templated":true}]}}