{"id":4066,"date":"2022-10-08T09:16:28","date_gmt":"2022-10-08T09:16:28","guid":{"rendered":"https:\/\/did-dev.net\/mineddte\/?p=4066"},"modified":"2022-10-24T15:33:47","modified_gmt":"2022-10-24T15:33:47","slug":"alepe-forte-mobilisation-a-louverture-de-la-4eme-edition-des-journees-africaines-de-lecologie-et-des-changements-climatiques-jfac-2022","status":"publish","type":"post","link":"https:\/\/did-dev.net\/mineddte\/alepe-forte-mobilisation-a-louverture-de-la-4eme-edition-des-journees-africaines-de-lecologie-et-des-changements-climatiques-jfac-2022\/","title":{"rendered":"JFAC 2022 \/ ALEPE : FORTE MOBILISATION A L\u2019OUVERTURE DE LA 4\u00e8me \u00a0EDITION DES JOURNEES AFRICAINES DE L\u2019ECOLOGIE ET DES CHANGEMENTS CLIMATIQUES (JFAC 2022)"},"content":{"rendered":"<p style=\"text-align: justify;\"><span style=\"font-family: verdana, geneva, sans-serif;\"><img decoding=\"async\" loading=\"lazy\" class=\"size-full wp-image-4067 aligncenter\" src=\"https:\/\/did-dev.net\/mineddte\/wp-content\/uploads\/2022\/10\/Sans-titre-1-scaled.jpg\" alt=\"\" width=\"2560\" height=\"1003\" srcset=\"https:\/\/did-dev.net\/mineddte\/wp-content\/uploads\/2022\/10\/Sans-titre-1-scaled.jpg 2560w, https:\/\/did-dev.net\/mineddte\/wp-content\/uploads\/2022\/10\/Sans-titre-1-262x103.jpg 262w, https:\/\/did-dev.net\/mineddte\/wp-content\/uploads\/2022\/10\/Sans-titre-1-847x332.jpg 847w, https:\/\/did-dev.net\/mineddte\/wp-content\/uploads\/2022\/10\/Sans-titre-1-100x39.jpg 100w, https:\/\/did-dev.net\/mineddte\/wp-content\/uploads\/2022\/10\/Sans-titre-1-1536x602.jpg 1536w, https:\/\/did-dev.net\/mineddte\/wp-content\/uploads\/2022\/10\/Sans-titre-1-2048x803.jpg 2048w\" sizes=\"(max-width: 2560px) 100vw, 2560px\" \/><\/span><\/p>\n<p style=\"text-align: justify;\"><span style=\"font-family: verdana, geneva, sans-serif;\">Repr\u00e9sentants de divers minist\u00e8res, des partenaires techniques et financiers, des associations \u00e0 base communautaire de jeunes et de femmes, des coop\u00e9ratives agricoles, y compris les ONG, les \u00e9l\u00e8ves, les \u00e9tudiants n\u2019ont pas voulu se faire conter l\u2019\u00e9v\u00e8nement. Tous ces acteurs ont converg\u00e9 au foyer d\u2019Al\u00e9p\u00e9 pour participer \u00e0 l\u2019ouverture des JFAC 2022, le vendredi 07 octobre 2022.<\/span><\/p>\n<p style=\"text-align: justify;\"><span style=\"font-family: verdana, geneva, sans-serif;\">Plac\u00e9e sous le th\u00e8me <em>\u00ab quelles strat\u00e9gies pour des villes vertes en C\u00f4te d\u2019Ivoire \u00bb<\/em>, la 4e \u00e9dition de cette activit\u00e9 s\u2019est voulue proche des communaut\u00e9s rurales et des collectivit\u00e9s afin de mieux les accompagner \u00e0 s\u2019inscrire dans une dynamique de transition \u00e9cologique qui profitera au d\u00e9veloppement durable de leurs localit\u00e9s.<\/span><\/p>\n<p style=\"text-align: justify;\"><span style=\"font-family: verdana, geneva, sans-serif;\">Dans leurs allocutions, le maire de la commune, le Sous-Pr\u00e9fet, repr\u00e9sentant le Pr\u00e9fet de r\u00e9gion, le Directeur du Bureau Qu\u00e9bec d\u2019Abidjan et la Repr\u00e9sentante Sp\u00e9ciale de l\u2019Union Africaine ont tous salu\u00e9 la pr\u00e9sence massive de toutes les couches socioprofessionnelles d\u2019Al\u00e9p\u00e9.<\/span><\/p>\n<p style=\"text-align: justify;\"><span style=\"font-family: verdana, geneva, sans-serif;\"><em>\u00abCette premi\u00e8re journ\u00e9e verra des ateliers de formation des collectivit\u00e9s sur les questions d\u2019agriculture durable, de changement climatique, de gestion de d\u00e9chets et de ville verte \u00bb,<\/em> a expliqu\u00e9 Yao Marcel, Commissaire g\u00e9n\u00e9ral des JFAC.<\/span><\/p>\n<p style=\"text-align: justify;\"><span style=\"font-family: verdana, geneva, sans-serif;\">Il faut souligner que les Directions techniques op\u00e9rationnelles et plusieurs projets du minist\u00e8re de l\u2019environnement ont anim\u00e9, avec maestria ces ateliers de formations.<\/span><\/p>\n<p style=\"text-align: justify;\"><span style=\"font-family: verdana, geneva, sans-serif;\">L\u2019objectif \u00e9tant de faire conna\u00eetre les r\u00e9alisations et r\u00e9sultats concrets obtenus par ces directions tout en encourageant les diff\u00e9rents usagers \u00e0 y recourir en cas de besoin.<\/span><\/p>\n<p style=\"text-align: justify;\"><span style=\"font-family: verdana, geneva, sans-serif;\">C\u2019est dans ce cadre que monsieur KODEHI Gnahor\u00e9, Directeur de Cabinet Adjoint qui a pr\u00e9sid\u00e9e la c\u00e9r\u00e9monie d\u2019ouverture au nom du ministre Jean-Luc ASSI, a indiqu\u00e9 que la surexploitation des for\u00eats, voire des ressources naturelles mettait constamment en p\u00e9ril les \u00e9cosyst\u00e8mes. Selon lui, cela a engendr\u00e9 une situation de vuln\u00e9rabilit\u00e9 d\u2019environ 60% du territoire ivoirien dont pr\u00e8s de 100% de la partie septentrionale de notre pays, en ce qui concerne les terres d\u00e9grad\u00e9es.<\/span><\/p>\n<p style=\"text-align: justify;\"><span style=\"font-family: verdana, geneva, sans-serif;\">L\u2019impact \u00e9conomique de ces perturbations a des cons\u00e9quences lourdes pour nos \u00e9conomies et nos populations, qui devraient s\u2019inscrire sur des mod\u00e8les de d\u00e9veloppement bas carbone et \u00e9cologique.<\/span><\/p>\n<p style=\"text-align: justify;\"><span style=\"font-family: verdana, geneva, sans-serif;\"><em>\u00ab Et c\u2019est sans doute pour cela que le Minist\u00e8re de l\u2019Environnement et du D\u00e9veloppement Durable voit en ces JFAC une opportunit\u00e9 de sensibilisation et de promotion des bonnes pratiques environnementales \u00bb,<\/em> a lanc\u00e9 le Directeur de Cabinet Adjoint.<\/span><\/p>\n<p style=\"text-align: justify;\"><span style=\"font-family: verdana, geneva, sans-serif;\">L\u2019\u00e9ducation environnementale, \u00e0 travers un concours de g\u00e9nie en herbe et un match de gala ont aussi marqu\u00e9 cette premi\u00e8re journ\u00e9e.<\/span><\/p>\n<p style=\"text-align: justify;\"><span style=\"font-family: verdana, geneva, sans-serif;\">Les 08 et 28 octobre 2022, les JFAC mettent respectivement le cap sur Memni, un village du d\u00e9partement d\u2019Al\u00e9p\u00e9 et la ville de Bocanda.<\/span><\/p>\n","protected":false},"excerpt":{"rendered":"<p>Repr\u00e9sentants de divers minist\u00e8res, des partenaires techniques et financiers, des associations \u00e0 base communautaire de jeunes et de femmes, des coop\u00e9ratives agricoles, y compris les ONG, les \u00e9l\u00e8ves, les \u00e9tudiants [&hellip;]<\/p>\n","protected":false},"author":1,"featured_media":4067,"comment_status":"closed","ping_status":"closed","sticky":false,"template":"","format":"standard","meta":{"_lmt_disableupdate":"no","_lmt_disable":"","pgc_sgb_lightbox_settings":""},"categories":[58],"tags":[],"post_folder":[59],"modified_by":"MINEDD","_links":{"self":[{"href":"https:\/\/did-dev.net\/mineddte\/wp-json\/wp\/v2\/posts\/4066"}],"collection":[{"href":"https:\/\/did-dev.net\/mineddte\/wp-json\/wp\/v2\/posts"}],"about":[{"href":"https:\/\/did-dev.net\/mineddte\/wp-json\/wp\/v2\/types\/post"}],"author":[{"embeddable":true,"href":"https:\/\/did-dev.net\/mineddte\/wp-json\/wp\/v2\/users\/1"}],"replies":[{"embeddable":true,"href":"https:\/\/did-dev.net\/mineddte\/wp-json\/wp\/v2\/comments?post=4066"}],"version-history":[{"count":4,"href":"https:\/\/did-dev.net\/mineddte\/wp-json\/wp\/v2\/posts\/4066\/revisions"}],"predecessor-version":[{"id":4078,"href":"https:\/\/did-dev.net\/mineddte\/wp-json\/wp\/v2\/posts\/4066\/revisions\/4078"}],"wp:featuredmedia":[{"embeddable":true,"href":"https:\/\/did-dev.net\/mineddte\/wp-json\/wp\/v2\/media\/4067"}],"wp:attachment":[{"href":"https:\/\/did-dev.net\/mineddte\/wp-json\/wp\/v2\/media?parent=4066"}],"wp:term":[{"taxonomy":"category","embeddable":true,"href":"https:\/\/did-dev.net\/mineddte\/wp-json\/wp\/v2\/categories?post=4066"},{"taxonomy":"post_tag","embeddable":true,"href":"https:\/\/did-dev.net\/mineddte\/wp-json\/wp\/v2\/tags?post=4066"},{"taxonomy":"post_folder","embeddable":true,"href":"https:\/\/did-dev.net\/mineddte\/wp-json\/wp\/v2\/post_folder?post=4066"}],"curies":[{"name":"wp","href":"https:\/\/api.w.org\/{rel}","templated":true}]}}