{"id":4020,"date":"2022-10-04T12:38:00","date_gmt":"2022-10-04T12:38:00","guid":{"rendered":"https:\/\/did-dev.net\/mineddte\/?p=4020"},"modified":"2022-10-17T12:35:20","modified_gmt":"2022-10-17T12:35:20","slug":"pre-cop-27-sur-le-climat-a-kinshasa-quelle-contribution-de-la-cote-divoire-pour-un-consensus-autour-des-principales-thematiques-de-la-cop27","status":"publish","type":"post","link":"https:\/\/did-dev.net\/mineddte\/pre-cop-27-sur-le-climat-a-kinshasa-quelle-contribution-de-la-cote-divoire-pour-un-consensus-autour-des-principales-thematiques-de-la-cop27\/","title":{"rendered":"PRE-COP 27 SUR LE CLIMAT A KINSHASA : QUELLE CONTRIBUTION DE LA COTE D\u2019IVOIRE POUR UN CONSENSUS AUTOUR DES PRINCIPALES THEMATIQUES DE LA COP27 ?"},"content":{"rendered":"<p style=\"text-align: justify;\"><span style=\"font-family: verdana, geneva, sans-serif;\"><img decoding=\"async\" loading=\"lazy\" class=\"size-full wp-image-4021 aligncenter\" src=\"https:\/\/did-dev.net\/mineddte\/wp-content\/uploads\/2022\/10\/PRE-COP-27-scaled.jpg\" alt=\"\" width=\"2560\" height=\"1003\" srcset=\"https:\/\/did-dev.net\/mineddte\/wp-content\/uploads\/2022\/10\/PRE-COP-27-scaled.jpg 2560w, https:\/\/did-dev.net\/mineddte\/wp-content\/uploads\/2022\/10\/PRE-COP-27-262x103.jpg 262w, https:\/\/did-dev.net\/mineddte\/wp-content\/uploads\/2022\/10\/PRE-COP-27-847x332.jpg 847w, https:\/\/did-dev.net\/mineddte\/wp-content\/uploads\/2022\/10\/PRE-COP-27-100x39.jpg 100w, https:\/\/did-dev.net\/mineddte\/wp-content\/uploads\/2022\/10\/PRE-COP-27-1536x602.jpg 1536w, https:\/\/did-dev.net\/mineddte\/wp-content\/uploads\/2022\/10\/PRE-COP-27-2048x803.jpg 2048w\" sizes=\"(max-width: 2560px) 100vw, 2560px\" \/><\/span><\/p>\n<p style=\"text-align: justify;\"><span style=\"font-family: verdana, geneva, sans-serif;\">Plus de 64 Ministres ayant en charge les questions de l\u2019Environnement et du Climat, venus du monde entier, prennent part aux assises sur la Pr\u00e9COP27, qui se tiendront du 3 au 5 octobre 2022\u00a0\u00e0 Kinshasa (RDC).<\/span><\/p>\n<p style=\"text-align: justify;\"><span style=\"font-family: verdana, geneva, sans-serif;\">La C\u00f4te d\u2019Ivoire participe \u00e0 cette activit\u00e9 dont l\u2019objectif est de cr\u00e9er un cadre de compr\u00e9hension commune sur les principaux probl\u00e8mes climatiques d&#8217;aujourd&#8217;hui et sur les solutions possibles \u00e0 trouver de toute urgence. La d\u00e9l\u00e9gation ivoirienne est compos\u00e9e de repr\u00e9sentants du Minist\u00e8re de l\u2019Environnement et du D\u00e9veloppement Durable avec \u00e0 sa t\u00eate, le ministre Jean-Luc ASSI et du Conseil Economique, Social, Culturel et Environnemental, avec \u00e0 sa t\u00eate, le Docteur AKA Aou\u00e9l\u00e9. \u00a0<\/span><\/p>\n<p style=\"text-align: justify;\"><span style=\"font-family: verdana, geneva, sans-serif;\">\u00ab\u00a0<em>Cette rencontre de trois jours permettra aux participants de donner des orientations sur les diff\u00e9rentes th\u00e9matiques qui constitueront l\u2019agenda des d\u00e9bats lors de la COP27, pr\u00e9vue en novembre prochain, \u00e0 Charm El-Cheikh, en Egypte. Il s\u2019agira sp\u00e9cifiquement d\u2019analyser en profondeur, les questions relatives \u00e0 l\u2019adaptation aux impacts climatiques, \u00e0 la finance climat, aux pertes et dommages sur l\u2019environnement<\/em>\u00a0\u00bb s\u2019est exprim\u00e9 Jean-Luc ASSI, Ministre ivoirien en charge de l\u2019environnement.\u00a0<\/span><\/p>\n<p style=\"text-align: justify;\"><span style=\"font-family: verdana, geneva, sans-serif;\">Ainsi, l\u2019on retient que l\u2019urgence climatique, la mise en \u0153uvre des CDN et la limite de la hausse de la temp\u00e9rature \u00e0 1,5 \u00b0C sont, entre autres les principaux mots cl\u00e9s \u00e0 filtrer de la c\u00e9r\u00e9monie d\u2019ouverture. De m\u00eame, un accent particulier a \u00e9t\u00e9 mis sur l\u2019action collective, visant l\u2019implication v\u00e9ritable des pays d\u00e9velopp\u00e9s dans le respect des engagements financiers pris lors de la COP21. Les diff\u00e9rentes d\u00e9l\u00e9gations ont souhait\u00e9 que cette COP27 soit le \u00ab\u00a0momentum\u00a0\u00bb du combat de l\u2019adaptation et de l\u2019att\u00e9nuation qui est la base de toute la probl\u00e9matique des changements climatiques.<\/span><\/p>\n<p style=\"text-align: justify;\"><span style=\"font-family: verdana, geneva, sans-serif;\">Par ailleurs, ce forum de Kinshasa sera l\u2019occasion de construire des partenariats bilat\u00e9raux et multilat\u00e9raux dans le but de faire avancer les agendas concernant les d\u00e9fis climatiques mondiaux. \u00a0<\/span><\/p>\n<p style=\"text-align: justify;\"><span style=\"font-family: verdana, geneva, sans-serif;\">En marge de la c\u00e9r\u00e9monie d\u2019ouverture, le Ministre Jean-Luc ASSI, a pr\u00e9sent\u00e9 les priorit\u00e9s et attentes de la C\u00f4te d\u2019Ivoire, \u00e0 l\u2019occasion d\u2019une concertation minist\u00e9rielle sur les d\u00e9fis et les perspectives de cette COP27. Dans son intervention, il a index\u00e9 la finalisation de l\u2019op\u00e9rationnalisation de l\u2019Article 6 de l\u2019Accord de Paris. En effet, les n\u00e9gociations lors de la COP26 de Glasgow en 2021 ont certes permis de rendre op\u00e9rationnel l\u2019Accord de Paris mais quelques aspects de clarifications subsistent sur l\u2019article 6 relatif aux m\u00e9canismes de march\u00e9s et de non march\u00e9s.<\/span><\/p>\n<p style=\"text-align: justify;\"><span style=\"font-family: verdana, geneva, sans-serif;\">Il est revenu sur la mise en \u0153uvre des initiatives d\u2019envergures r\u00e9gionales et la mobilisation des ressources financi\u00e8res pour la mise en \u0153uvre de nouvelles Contributions D\u00e9termin\u00e9es au niveau National (CDN). Il faut rappeler \u00e0 ce sujet que les pays en d\u00e9veloppement souhaitent que les pays d\u00e9velopp\u00e9s honorent leur engagement de mobilisation de 100 milliards de Dollar Am\u00e9ricain tous les ans, pour le compte du Fonds Vert pour le Climat (GCF en anglais). <\/span><\/p>\n<p style=\"text-align: justify;\"><span style=\"font-family: verdana, geneva, sans-serif;\">Enfin, la coop\u00e9ration Sud-Sud et Nord-Sud, en pr\u00f4nant le d\u00e9veloppement et le transfert de technologies, avec une implication accrue du secteur priv\u00e9, a fait partie des priorit\u00e9s ivoiriennes soulev\u00e9es par le ministre.<\/span> <\/p>\n<p style=\"text-align: justify;\"><span style=\"font-family: verdana, geneva, sans-serif;\">\u00a0<\/span><\/p>\n","protected":false},"excerpt":{"rendered":"<p>Plus de 64 Ministres ayant en charge les questions de l\u2019Environnement et du Climat, venus du monde entier, prennent part aux assises sur la Pr\u00e9COP27, qui se tiendront du 3 [&hellip;]<\/p>\n","protected":false},"author":1,"featured_media":4021,"comment_status":"closed","ping_status":"closed","sticky":false,"template":"","format":"standard","meta":{"_lmt_disableupdate":"no","_lmt_disable":"","pgc_sgb_lightbox_settings":""},"categories":[58],"tags":[],"post_folder":[59],"modified_by":"MINEDD","_links":{"self":[{"href":"https:\/\/did-dev.net\/mineddte\/wp-json\/wp\/v2\/posts\/4020"}],"collection":[{"href":"https:\/\/did-dev.net\/mineddte\/wp-json\/wp\/v2\/posts"}],"about":[{"href":"https:\/\/did-dev.net\/mineddte\/wp-json\/wp\/v2\/types\/post"}],"author":[{"embeddable":true,"href":"https:\/\/did-dev.net\/mineddte\/wp-json\/wp\/v2\/users\/1"}],"replies":[{"embeddable":true,"href":"https:\/\/did-dev.net\/mineddte\/wp-json\/wp\/v2\/comments?post=4020"}],"version-history":[{"count":3,"href":"https:\/\/did-dev.net\/mineddte\/wp-json\/wp\/v2\/posts\/4020\/revisions"}],"predecessor-version":[{"id":4028,"href":"https:\/\/did-dev.net\/mineddte\/wp-json\/wp\/v2\/posts\/4020\/revisions\/4028"}],"wp:featuredmedia":[{"embeddable":true,"href":"https:\/\/did-dev.net\/mineddte\/wp-json\/wp\/v2\/media\/4021"}],"wp:attachment":[{"href":"https:\/\/did-dev.net\/mineddte\/wp-json\/wp\/v2\/media?parent=4020"}],"wp:term":[{"taxonomy":"category","embeddable":true,"href":"https:\/\/did-dev.net\/mineddte\/wp-json\/wp\/v2\/categories?post=4020"},{"taxonomy":"post_tag","embeddable":true,"href":"https:\/\/did-dev.net\/mineddte\/wp-json\/wp\/v2\/tags?post=4020"},{"taxonomy":"post_folder","embeddable":true,"href":"https:\/\/did-dev.net\/mineddte\/wp-json\/wp\/v2\/post_folder?post=4020"}],"curies":[{"name":"wp","href":"https:\/\/api.w.org\/{rel}","templated":true}]}}