{"id":4003,"date":"2022-06-16T15:12:04","date_gmt":"2022-06-16T15:12:04","guid":{"rendered":"https:\/\/did-dev.net\/mineddte\/?p=4003"},"modified":"2022-10-06T16:06:17","modified_gmt":"2022-10-06T16:06:17","slug":"concours-du-logo-du-projet-folab-les-laureats-primes-au-cours-dune-ceremonie","status":"publish","type":"post","link":"https:\/\/did-dev.net\/mineddte\/concours-du-logo-du-projet-folab-les-laureats-primes-au-cours-dune-ceremonie\/","title":{"rendered":"CONCOURS DU LOGO DU PROJET FOLAB : LES LAUREATS PRIMES AU COURS D\u2019UNE CEREMONIE"},"content":{"rendered":"<div class=\"m8h3af8h l7ghb35v kjdc1dyq kmwttqpk gh25dzvf n3t5jt4f\">\u00a0<\/div>\n<div class=\"l7ghb35v kjdc1dyq kmwttqpk gh25dzvf jikcssrz n3t5jt4f\">\n<div dir=\"auto\" style=\"text-align: justify;\">\n<div class=\"l7ghb35v kjdc1dyq kmwttqpk gh25dzvf jikcssrz n3t5jt4f\">\n<div dir=\"auto\">\n<div class=\"l7ghb35v kjdc1dyq kmwttqpk gh25dzvf jikcssrz n3t5jt4f\">\n<div dir=\"auto\" style=\"text-align: justify;\">\n<div class=\"l7ghb35v kjdc1dyq kmwttqpk gh25dzvf jikcssrz n3t5jt4f\">\n<div dir=\"auto\">\n<div class=\"l7ghb35v kjdc1dyq kmwttqpk gh25dzvf jikcssrz n3t5jt4f\">\n<div dir=\"auto\"><img decoding=\"async\" loading=\"lazy\" class=\"size-full wp-image-4004 alignnone\" src=\"https:\/\/did-dev.net\/mineddte\/wp-content\/uploads\/2022\/10\/287296168_977912343049589_4405247351424390688_n.jpg\" alt=\"\" width=\"1801\" height=\"1200\" srcset=\"https:\/\/did-dev.net\/mineddte\/wp-content\/uploads\/2022\/10\/287296168_977912343049589_4405247351424390688_n.jpg 1801w, https:\/\/did-dev.net\/mineddte\/wp-content\/uploads\/2022\/10\/287296168_977912343049589_4405247351424390688_n-262x175.jpg 262w, https:\/\/did-dev.net\/mineddte\/wp-content\/uploads\/2022\/10\/287296168_977912343049589_4405247351424390688_n-498x332.jpg 498w, https:\/\/did-dev.net\/mineddte\/wp-content\/uploads\/2022\/10\/287296168_977912343049589_4405247351424390688_n-100x67.jpg 100w, https:\/\/did-dev.net\/mineddte\/wp-content\/uploads\/2022\/10\/287296168_977912343049589_4405247351424390688_n-391x260.jpg 391w, https:\/\/did-dev.net\/mineddte\/wp-content\/uploads\/2022\/10\/287296168_977912343049589_4405247351424390688_n-1536x1023.jpg 1536w\" sizes=\"(max-width: 1801px) 100vw, 1801px\" \/><\/div>\n<div dir=\"auto\">\n<p><span style=\"font-family: verdana, geneva, sans-serif;\"><em>\u00ab Vous le voyez, j&#8217;attache une grande importance \u00e0 ces prix ; car au-del\u00e0 d&#8217;une manifestation de reconnaissance pour des cr\u00e9ations en faveur du d\u00e9veloppement durable, cet \u00e9v\u00e9nement adresse un signal clair \u00e0 l&#8217;opinion publique en ce sens que l\u2019Information et la Communication pour le changement de comportement constituent le levier de notre action pour la plan\u00e8te \u00bb,<\/em> parlait ainsi monsieur Parfait KOUADIO, Directeur de Cabinet qui repr\u00e9sentait le Ministre de l\u2019Environnement et du D\u00e9veloppement Durable, dans le cadre de la c\u00e9r\u00e9monie de remise des prix du concours visant \u00e0 doter le projet FOLAB d\u2019une identit\u00e9 visuelle.<\/span><\/p>\n<p><span style=\"font-family: verdana, geneva, sans-serif;\">Le mercredi 15 juin 2022, plusieurs \u00e9l\u00e8ves et \u00e9tudiants des \u00e9tablissements ayant particip\u00e9 au concours et leurs Responsables, les diff\u00e9rents \u00e9tudiants ayant propos\u00e9 des logos, les Partenaires d\u2019Appui Technique du Projet, les Bailleurs du projet, les diff\u00e9rentes parties prenantes concern\u00e9es, les ONG et la Soci\u00e9t\u00e9 civile, ont pris part \u00e0 cette activit\u00e9 qui s\u2019est tenue dans un complexe h\u00f4telier sis \u00e0 Cocody-Attoban.<\/span><\/p>\n<p><span style=\"font-family: verdana, geneva, sans-serif;\">Selon le Coordonnateur du projet FOLAB, cette initiative vise \u00e0 permettre \u00e0 tout le monde d\u2019identifier les probl\u00e9matiques que tente de r\u00e9soudre son \u00e9quipe projet. Ainsi, il s\u2019est f\u00e9licit\u00e9 de ce que la question de gestion durable des paysages forestiers et la conservation de la biodiversit\u00e9 ait \u00e9t\u00e9 prise en compte dans les diff\u00e9rentes propositions de logos soumis au jury par les candidats.<\/span><\/p>\n<p><span style=\"font-family: verdana, geneva, sans-serif;\">DJEKI Kouao Nestor, \u00e9tudiant \u00e0 l\u2019Institut National des Arts et de l\u2019Action Culturelle (INSAAC) a \u00e9t\u00e9 le laur\u00e9at du premier prix. MADO Fouss\u00e9ni et KACOUTIE Jean-Jaur\u00e8s ont remport\u00e9, respectivement les deuxi\u00e8me et troisi\u00e8me prix. Des dipl\u00f4mes de participations ont \u00e9t\u00e9 remis \u00e0 tous les autres candidats qui ont propos\u00e9 des logos.<\/span><\/p>\n<p><span style=\"font-family: verdana, geneva, sans-serif;\">Le projet FOLAB est bas\u00e9 sur les approches innovantes et inclusives de restauration des \u00e9cosyst\u00e8mes forestiers y compris la mangrove et la conservation de la biodiversit\u00e9. Il b\u00e9n\u00e9ficie de l\u2019appui technique et financier de ONU-Environnement et du Fonds pour l\u2019Environnement Mondial.<\/span><\/p>\n<\/div>\n<\/div>\n<\/div>\n<\/div>\n<\/div>\n<\/div>\n<\/div>\n<\/div>\n<\/div>\n<\/div>\n","protected":false},"excerpt":{"rendered":"<p>\u00a0 \u00ab Vous le voyez, j&#8217;attache une grande importance \u00e0 ces prix ; car au-del\u00e0 d&#8217;une manifestation de reconnaissance pour des cr\u00e9ations en faveur du d\u00e9veloppement durable, cet \u00e9v\u00e9nement adresse [&hellip;]<\/p>\n","protected":false},"author":1,"featured_media":4004,"comment_status":"closed","ping_status":"closed","sticky":false,"template":"","format":"standard","meta":{"_lmt_disableupdate":"no","_lmt_disable":"","pgc_sgb_lightbox_settings":""},"categories":[58],"tags":[],"post_folder":[59],"modified_by":"MINEDD","_links":{"self":[{"href":"https:\/\/did-dev.net\/mineddte\/wp-json\/wp\/v2\/posts\/4003"}],"collection":[{"href":"https:\/\/did-dev.net\/mineddte\/wp-json\/wp\/v2\/posts"}],"about":[{"href":"https:\/\/did-dev.net\/mineddte\/wp-json\/wp\/v2\/types\/post"}],"author":[{"embeddable":true,"href":"https:\/\/did-dev.net\/mineddte\/wp-json\/wp\/v2\/users\/1"}],"replies":[{"embeddable":true,"href":"https:\/\/did-dev.net\/mineddte\/wp-json\/wp\/v2\/comments?post=4003"}],"version-history":[{"count":1,"href":"https:\/\/did-dev.net\/mineddte\/wp-json\/wp\/v2\/posts\/4003\/revisions"}],"predecessor-version":[{"id":4005,"href":"https:\/\/did-dev.net\/mineddte\/wp-json\/wp\/v2\/posts\/4003\/revisions\/4005"}],"wp:featuredmedia":[{"embeddable":true,"href":"https:\/\/did-dev.net\/mineddte\/wp-json\/wp\/v2\/media\/4004"}],"wp:attachment":[{"href":"https:\/\/did-dev.net\/mineddte\/wp-json\/wp\/v2\/media?parent=4003"}],"wp:term":[{"taxonomy":"category","embeddable":true,"href":"https:\/\/did-dev.net\/mineddte\/wp-json\/wp\/v2\/categories?post=4003"},{"taxonomy":"post_tag","embeddable":true,"href":"https:\/\/did-dev.net\/mineddte\/wp-json\/wp\/v2\/tags?post=4003"},{"taxonomy":"post_folder","embeddable":true,"href":"https:\/\/did-dev.net\/mineddte\/wp-json\/wp\/v2\/post_folder?post=4003"}],"curies":[{"name":"wp","href":"https:\/\/api.w.org\/{rel}","templated":true}]}}