{"id":3999,"date":"2022-06-17T14:53:00","date_gmt":"2022-06-17T14:53:00","guid":{"rendered":"https:\/\/did-dev.net\/mineddte\/?p=3999"},"modified":"2022-10-06T16:11:07","modified_gmt":"2022-10-06T16:11:07","slug":"lutte-contre-la-desertification-et-la-secheresse-la-region-du-moronou-a-desormais-des-ambassadeurs-locaux","status":"publish","type":"post","link":"https:\/\/did-dev.net\/mineddte\/lutte-contre-la-desertification-et-la-secheresse-la-region-du-moronou-a-desormais-des-ambassadeurs-locaux\/","title":{"rendered":"LUTTE CONTRE LA DESERTIFICATION ET LA SECHERESSE : LA REGION DU MORONOU A DESORMAIS DES AMBASSADEURS LOCAUX"},"content":{"rendered":"<div class=\"m8h3af8h l7ghb35v kjdc1dyq kmwttqpk gh25dzvf n3t5jt4f\">\u00a0<\/div>\n<div class=\"l7ghb35v kjdc1dyq kmwttqpk gh25dzvf jikcssrz n3t5jt4f\">\n<div dir=\"auto\" style=\"text-align: justify;\">\n<div class=\"l7ghb35v kjdc1dyq kmwttqpk gh25dzvf jikcssrz n3t5jt4f\">\n<div dir=\"auto\">\n<div class=\"l7ghb35v kjdc1dyq kmwttqpk gh25dzvf jikcssrz n3t5jt4f\">\n<div dir=\"auto\"><img decoding=\"async\" loading=\"lazy\" class=\"size-full wp-image-4000 aligncenter\" src=\"https:\/\/did-dev.net\/mineddte\/wp-content\/uploads\/2022\/10\/287871830_980652986108858_5296055383484660700_n.jpg\" alt=\"\" width=\"960\" height=\"640\" srcset=\"https:\/\/did-dev.net\/mineddte\/wp-content\/uploads\/2022\/10\/287871830_980652986108858_5296055383484660700_n.jpg 960w, https:\/\/did-dev.net\/mineddte\/wp-content\/uploads\/2022\/10\/287871830_980652986108858_5296055383484660700_n-262x175.jpg 262w, https:\/\/did-dev.net\/mineddte\/wp-content\/uploads\/2022\/10\/287871830_980652986108858_5296055383484660700_n-498x332.jpg 498w, https:\/\/did-dev.net\/mineddte\/wp-content\/uploads\/2022\/10\/287871830_980652986108858_5296055383484660700_n-100x67.jpg 100w, https:\/\/did-dev.net\/mineddte\/wp-content\/uploads\/2022\/10\/287871830_980652986108858_5296055383484660700_n-391x260.jpg 391w\" sizes=\"(max-width: 960px) 100vw, 960px\" \/><\/div>\n<div dir=\"auto\" style=\"text-align: justify;\">\n<div class=\"l7ghb35v kjdc1dyq kmwttqpk gh25dzvf jikcssrz n3t5jt4f\">\n<div dir=\"auto\">\n<div class=\"l7ghb35v kjdc1dyq kmwttqpk gh25dzvf jikcssrz n3t5jt4f\">\n<div dir=\"auto\">\u00a0<\/div>\n<div dir=\"auto\"><span style=\"font-family: verdana, geneva, sans-serif;\">La c\u00e9l\u00e9bration de l\u2019\u00e9dition 2022 de la Journ\u00e9e Mondiale de la Lutte contre la D\u00e9sertification et la S\u00e9cheresse (JMLDS) s\u2019est tenue \u00e0 Bongouanou, dans la r\u00e9gion du Moronou, le 17 juin 2022 dans un contexte particulier et symbolique.<\/span><\/div>\n<div dir=\"auto\">\u00a0<\/div>\n<\/div>\n<div class=\"l7ghb35v kjdc1dyq kmwttqpk gh25dzvf jikcssrz n3t5jt4f\">\n<div dir=\"auto\"><span style=\"font-family: verdana, geneva, sans-serif;\"><em>\u00ab Au nom du Ministre de l\u2019Environnement et du D\u00e9veloppement Durable, je vous donne ces parchemins pour faire de vous des exemples, des ambassadeurs dans la lutte contre la d\u00e9sertification et la s\u00e9cheresse et pour que votre engagement soit soutenu \u00bb<\/em>, affirmait Fran\u00e7ois KOUABLAN, repr\u00e9sentant du Ministre Jean-Luc ASSI, lors de la remise des feuilles de route \u00e0 cinq soci\u00e9t\u00e9s coop\u00e9ratives de la r\u00e9gion. En effet, ces acteurs se sont d\u00e9marqu\u00e9s pour leurs actions de gestion durable des sols et d\u2019am\u00e9lioration des productions agricoles locales \u00e0 travers la diss\u00e9mination et la vulgarisation de pratiques culturales qui prot\u00e8gent l\u2019environnement. Ainsi, ces parchemins leur ont \u00e9t\u00e9 remis en guise de feuille de route, pour les permettre de poursuivre et mettre en \u0153uvre les actions anti-d\u00e9gradation des sols dans la r\u00e9gion, a rappel\u00e9 l\u2019\u00e9missaire du ministre Jean-Luc ASSI.<\/span><\/div>\n<div dir=\"auto\">\u00a0<\/div>\n<\/div>\n<div class=\"l7ghb35v kjdc1dyq kmwttqpk gh25dzvf jikcssrz n3t5jt4f\">\n<div dir=\"auto\"><span style=\"font-family: verdana, geneva, sans-serif;\">Le Conseiller Technique, Fran\u00e7ois KOUABLAN a expliqu\u00e9 que le choix de la ville de Bongouanou pour c\u00e9l\u00e9brer la JMLDS, n\u2019\u00e9tait pas fortuit. <em>\u00ab Bongouanou est victime des changements climatiques, de la s\u00e9cheresse, mais aussi et surtout des activit\u00e9s agricoles incontr\u00f4l\u00e9es des hommes. Ainsi la r\u00e9gion a pay\u00e9 un lourd tribut du fait de la d\u00e9gradation des terres \u00bb<\/em> a-t-il soutenu. Il a poursuivi en d\u00e9clarant que gr\u00e2ce \u00e0 l&#8217;ing\u00e9niosit\u00e9, \u00e0 l&#8217;engagement et \u00e0 la solidarit\u00e9, il est possible de combattre avec succ\u00e8s, ces fl\u00e9aux qui menacent la productivit\u00e9 agricole, la s\u00e9curit\u00e9 alimentaire, voire la stabilit\u00e9 entre les communaut\u00e9s. Et c\u2019est \u00e0 juste titre que le th\u00e8me de cette journ\u00e9e est : <em>\u00ab restaurer les terres d\u00e9grad\u00e9es, limites les conflits sociaux \u00bb<\/em>. Il est clair la recherche de terres fertiles, plus productives engendre des exodes massifs vers d\u2019autres zones, qui elles-m\u00eames sont confront\u00e9es \u00e0 ce probl\u00e8me de gestion de terre. D\u2019o\u00f9 certains conflits fonciers en zone rurale.<\/span><\/div>\n<div dir=\"auto\">\u00a0<\/div>\n<\/div>\n<div class=\"l7ghb35v kjdc1dyq kmwttqpk gh25dzvf jikcssrz n3t5jt4f\">\n<div dir=\"auto\"><span style=\"font-family: verdana, geneva, sans-serif;\">Au regard de la transversalit\u00e9 de la question, l\u2019accompagnement institutionnel et le succ\u00e8s des actions de sensibilisation ne saurait aboutir sans l\u2019implication des \u00e9lus et cadres locaux. C\u2019est dans ce contexte que le Pr\u00e9sident du Conseil R\u00e9gional du Moronou, monsieur Pascal AFFI NGUESSAN s\u2019est vu octroy\u00e9 un parchemin.<\/span><\/div>\n<\/div>\n<div class=\"l7ghb35v kjdc1dyq kmwttqpk gh25dzvf jikcssrz n3t5jt4f\">\n<div dir=\"auto\"><span style=\"font-family: verdana, geneva, sans-serif;\"><em>\u00ab Effectivement, la r\u00e9gion est victime des deux fl\u00e9aux qui contribuent \u00e0 la d\u00e9sertification, l\u2019agriculture intensive et le changement climatique, \u00e0 telle enseigne que nous avons perdu ce qui faisait la sp\u00e9cificit\u00e9 du Moronou, \u00e0 savoir la culture du caf\u00e9 et du cacao. Et dons cette lutte nous interpelle et nous devons l\u2019inscrire dans notre vision strat\u00e9gique pour la renaissance \u00e9conomique de la r\u00e9gion \u00bb<\/em> a reconnu Pascal Affi NGUESSAN pour marquer son engagement \u00e0 poursuivre les efforts d\u2019int\u00e9gration des questions environnementales dans les politiques locales. Selon lui, il s\u2019agit de voir maintenant comment coupler les enjeux de la probl\u00e9matique \u2018\u2019d\u00e9sertification\u2019\u2019 aux objectifs de renaissance \u00e9conomique du Moronou.<\/span><\/div>\n<div dir=\"auto\">\u00a0<\/div>\n<\/div>\n<div class=\"l7ghb35v kjdc1dyq kmwttqpk gh25dzvf jikcssrz n3t5jt4f\">\n<div dir=\"auto\"><span style=\"font-family: verdana, geneva, sans-serif;\">Le corps pr\u00e9fectoral, les autorit\u00e9s coutumi\u00e8res, le repr\u00e9sentant du Maire de Bongouanou et les populations sont sortis nombreux pour prendre une active aux efforts du gouvernement en mati\u00e8re de pr\u00e9servation de l\u2019environnement. Toutes ces autorit\u00e9s ont donn\u00e9 du ton par un planting d\u2019arbre dans la localit\u00e9 d\u2019Ehuikro. Par ailleurs, une session de sensibilisation sur les bonnes pratiques agricoles a meubl\u00e9 cette journ\u00e9e. Elle a \u00e9t\u00e9 donn\u00e9e par KOUADIO Jean, Point Focal National de la Convention des Nations Unies sur la Lutte contre la S\u00e9cheresse et la D\u00e9sertification (UNCCD).<\/span><\/div>\n<div dir=\"auto\">\u00a0<\/div>\n<\/div>\n<div class=\"l7ghb35v kjdc1dyq kmwttqpk gh25dzvf jikcssrz n3t5jt4f\">\n<div dir=\"auto\"><span style=\"font-family: verdana, geneva, sans-serif;\">Les 05, 08, 13 et 17 juin 2022, ont \u00e9t\u00e9 respectivement c\u00e9l\u00e9br\u00e9es, les Journ\u00e9es Mondiales de l\u2019Environnement (JME), des Oc\u00e9ans (JMO), la Journ\u00e9e Internationale de la Biodiversit\u00e9 (JIB) et la Journ\u00e9e Mondiale de la Lutte contre la D\u00e9sertification et la S\u00e9cheresse (JMLDS). Ces quatre Journ\u00e9es Mondiales ont constitu\u00e9 l\u2019ossature de la Quinzaine Nationale de l\u2019Environnement et du D\u00e9veloppement Durable (QNEDD) qui s\u2019est d\u00e9roul\u00e9e sur le territoire national du 03 au 17 juin 2022.<\/span><\/div>\n<\/div>\n<\/div>\n<\/div>\n<\/div>\n<\/div>\n<\/div>\n<\/div>\n<\/div>\n<\/div>\n","protected":false},"excerpt":{"rendered":"<p>\u00a0 \u00a0 La c\u00e9l\u00e9bration de l\u2019\u00e9dition 2022 de la Journ\u00e9e Mondiale de la Lutte contre la D\u00e9sertification et la S\u00e9cheresse (JMLDS) s\u2019est tenue \u00e0 Bongouanou, dans la r\u00e9gion du Moronou, [&hellip;]<\/p>\n","protected":false},"author":1,"featured_media":4000,"comment_status":"closed","ping_status":"closed","sticky":false,"template":"","format":"standard","meta":{"_lmt_disableupdate":"no","_lmt_disable":"","pgc_sgb_lightbox_settings":""},"categories":[58],"tags":[],"post_folder":[59],"modified_by":"MINEDD","_links":{"self":[{"href":"https:\/\/did-dev.net\/mineddte\/wp-json\/wp\/v2\/posts\/3999"}],"collection":[{"href":"https:\/\/did-dev.net\/mineddte\/wp-json\/wp\/v2\/posts"}],"about":[{"href":"https:\/\/did-dev.net\/mineddte\/wp-json\/wp\/v2\/types\/post"}],"author":[{"embeddable":true,"href":"https:\/\/did-dev.net\/mineddte\/wp-json\/wp\/v2\/users\/1"}],"replies":[{"embeddable":true,"href":"https:\/\/did-dev.net\/mineddte\/wp-json\/wp\/v2\/comments?post=3999"}],"version-history":[{"count":3,"href":"https:\/\/did-dev.net\/mineddte\/wp-json\/wp\/v2\/posts\/3999\/revisions"}],"predecessor-version":[{"id":4063,"href":"https:\/\/did-dev.net\/mineddte\/wp-json\/wp\/v2\/posts\/3999\/revisions\/4063"}],"wp:featuredmedia":[{"embeddable":true,"href":"https:\/\/did-dev.net\/mineddte\/wp-json\/wp\/v2\/media\/4000"}],"wp:attachment":[{"href":"https:\/\/did-dev.net\/mineddte\/wp-json\/wp\/v2\/media?parent=3999"}],"wp:term":[{"taxonomy":"category","embeddable":true,"href":"https:\/\/did-dev.net\/mineddte\/wp-json\/wp\/v2\/categories?post=3999"},{"taxonomy":"post_tag","embeddable":true,"href":"https:\/\/did-dev.net\/mineddte\/wp-json\/wp\/v2\/tags?post=3999"},{"taxonomy":"post_folder","embeddable":true,"href":"https:\/\/did-dev.net\/mineddte\/wp-json\/wp\/v2\/post_folder?post=3999"}],"curies":[{"name":"wp","href":"https:\/\/api.w.org\/{rel}","templated":true}]}}