{"id":3996,"date":"2022-06-23T16:40:57","date_gmt":"2022-06-23T16:40:57","guid":{"rendered":"https:\/\/did-dev.net\/mineddte\/?p=3996"},"modified":"2022-10-07T09:04:54","modified_gmt":"2022-10-07T09:04:54","slug":"reduction-demission-de-gaz-a-effet-de-serre","status":"publish","type":"post","link":"https:\/\/did-dev.net\/mineddte\/reduction-demission-de-gaz-a-effet-de-serre\/","title":{"rendered":"REDUCTION D\u2019EMISSION DE GAZ A EFFET DE SERRE"},"content":{"rendered":"<div class=\"m8h3af8h l7ghb35v kjdc1dyq kmwttqpk gh25dzvf n3t5jt4f\">\u00a0<\/div>\n<div class=\"l7ghb35v kjdc1dyq kmwttqpk gh25dzvf jikcssrz n3t5jt4f\">\n<div dir=\"auto\" style=\"text-align: justify;\">\n<div class=\"l7ghb35v kjdc1dyq kmwttqpk gh25dzvf jikcssrz n3t5jt4f\">\n<div dir=\"auto\"><img decoding=\"async\" loading=\"lazy\" class=\"wp-image-3997 aligncenter\" src=\"https:\/\/did-dev.net\/mineddte\/wp-content\/uploads\/2022\/10\/20220623_110035-scaled.jpg\" alt=\"\" width=\"996\" height=\"1328\" srcset=\"https:\/\/did-dev.net\/mineddte\/wp-content\/uploads\/2022\/10\/20220623_110035-scaled.jpg 1920w, https:\/\/did-dev.net\/mineddte\/wp-content\/uploads\/2022\/10\/20220623_110035-150x200.jpg 150w, https:\/\/did-dev.net\/mineddte\/wp-content\/uploads\/2022\/10\/20220623_110035-249x332.jpg 249w, https:\/\/did-dev.net\/mineddte\/wp-content\/uploads\/2022\/10\/20220623_110035-75x100.jpg 75w, https:\/\/did-dev.net\/mineddte\/wp-content\/uploads\/2022\/10\/20220623_110035-300x400.jpg 300w, https:\/\/did-dev.net\/mineddte\/wp-content\/uploads\/2022\/10\/20220623_110035-1152x1536.jpg 1152w, https:\/\/did-dev.net\/mineddte\/wp-content\/uploads\/2022\/10\/20220623_110035-1536x2048.jpg 1536w\" sizes=\"(max-width: 996px) 100vw, 996px\" \/><\/div>\n<div dir=\"auto\">\n<div class=\"l7ghb35v kjdc1dyq kmwttqpk gh25dzvf jikcssrz n3t5jt4f\">\n<div dir=\"auto\">\u00a0<\/div>\n<div dir=\"auto\" style=\"text-align: justify;\">\n<div class=\"l7ghb35v kjdc1dyq kmwttqpk gh25dzvf jikcssrz n3t5jt4f\">\n<div dir=\"auto\"><span style=\"font-family: verdana, geneva, sans-serif;\">Le Ministre de l\u2019Environnement et du D\u00e9veloppement Durable a re\u00e7u en audience la structure PACT CAPITAL, repr\u00e9sent\u00e9e par monsieur Constantin EKIERMANN, le 23 juin 2022. Monsieur Constantin EKIERMAN est venu pr\u00e9senter un projet li\u00e9 \u00e0 la finance climatique, notamment la taxe et le cr\u00e9dit carbone.<\/span><\/div>\n<div dir=\"auto\">\u00a0<\/div>\n<div dir=\"auto\"><span style=\"font-family: verdana, geneva, sans-serif;\">Jean-Luc ASSI a salu\u00e9 de l\u2019initiative port\u00e9e par le repr\u00e9sentant de PACT CAPITAL. Il a expliqu\u00e9 que la C\u00f4te d\u2019Ivoire envisage \u00e9laborer un cadre r\u00e9glementaire pour mieux encadrer les questions de cr\u00e9dit et taxe carbone.<\/span><\/div>\n<div dir=\"auto\">\u00a0<\/div>\n<\/div>\n<div class=\"l7ghb35v kjdc1dyq kmwttqpk gh25dzvf jikcssrz n3t5jt4f\">\n<div dir=\"auto\"><span style=\"font-family: verdana, geneva, sans-serif;\">Pour rappel, le pays met en \u0153uvre un projet similaire autour du parc national de Ta\u00ef. Intitul\u00e9 \u00ab Le projet de r\u00e9duction d\u2019\u00e9mission de gaz \u00e0 effet de serre (PRE) autour du parc national de Ta\u00ef \u00bb, il vise \u00e0 cr\u00e9er un mod\u00e8le de d\u00e9veloppement vert au niveau des r\u00e9gions administratives du Sud-ouest, de lutter contre les changements climatiques, de diversifier les revenus des agriculteurs et de prot\u00e9ger les ressources naturelles tout en contribuant \u00e0 la conservation du couvert v\u00e9g\u00e9tal.<\/span><\/div>\n<\/div>\n<\/div>\n<\/div>\n<\/div>\n<\/div>\n<\/div>\n<\/div>\n","protected":false},"excerpt":{"rendered":"<p>\u00a0 \u00a0 Le Ministre de l\u2019Environnement et du D\u00e9veloppement Durable a re\u00e7u en audience la structure PACT CAPITAL, repr\u00e9sent\u00e9e par monsieur Constantin EKIERMANN, le 23 juin 2022. Monsieur Constantin EKIERMAN [&hellip;]<\/p>\n","protected":false},"author":1,"featured_media":3997,"comment_status":"closed","ping_status":"closed","sticky":false,"template":"","format":"standard","meta":{"_lmt_disableupdate":"no","_lmt_disable":"","pgc_sgb_lightbox_settings":""},"categories":[58],"tags":[],"post_folder":[59],"modified_by":"MINEDD","_links":{"self":[{"href":"https:\/\/did-dev.net\/mineddte\/wp-json\/wp\/v2\/posts\/3996"}],"collection":[{"href":"https:\/\/did-dev.net\/mineddte\/wp-json\/wp\/v2\/posts"}],"about":[{"href":"https:\/\/did-dev.net\/mineddte\/wp-json\/wp\/v2\/types\/post"}],"author":[{"embeddable":true,"href":"https:\/\/did-dev.net\/mineddte\/wp-json\/wp\/v2\/users\/1"}],"replies":[{"embeddable":true,"href":"https:\/\/did-dev.net\/mineddte\/wp-json\/wp\/v2\/comments?post=3996"}],"version-history":[{"count":1,"href":"https:\/\/did-dev.net\/mineddte\/wp-json\/wp\/v2\/posts\/3996\/revisions"}],"predecessor-version":[{"id":3998,"href":"https:\/\/did-dev.net\/mineddte\/wp-json\/wp\/v2\/posts\/3996\/revisions\/3998"}],"wp:featuredmedia":[{"embeddable":true,"href":"https:\/\/did-dev.net\/mineddte\/wp-json\/wp\/v2\/media\/3997"}],"wp:attachment":[{"href":"https:\/\/did-dev.net\/mineddte\/wp-json\/wp\/v2\/media?parent=3996"}],"wp:term":[{"taxonomy":"category","embeddable":true,"href":"https:\/\/did-dev.net\/mineddte\/wp-json\/wp\/v2\/categories?post=3996"},{"taxonomy":"post_tag","embeddable":true,"href":"https:\/\/did-dev.net\/mineddte\/wp-json\/wp\/v2\/tags?post=3996"},{"taxonomy":"post_folder","embeddable":true,"href":"https:\/\/did-dev.net\/mineddte\/wp-json\/wp\/v2\/post_folder?post=3996"}],"curies":[{"name":"wp","href":"https:\/\/api.w.org\/{rel}","templated":true}]}}