{"id":3993,"date":"2022-06-25T08:22:53","date_gmt":"2022-06-25T08:22:53","guid":{"rendered":"https:\/\/did-dev.net\/mineddte\/?p=3993"},"modified":"2022-10-07T09:03:32","modified_gmt":"2022-10-07T09:03:32","slug":"gestion-de-la-reserve-naturelle-de-dahliafleur-les-parlementaires-rassures-par-le-ministre-jean-luc-assi","status":"publish","type":"post","link":"https:\/\/did-dev.net\/mineddte\/gestion-de-la-reserve-naturelle-de-dahliafleur-les-parlementaires-rassures-par-le-ministre-jean-luc-assi\/","title":{"rendered":"GESTION DE LA RESERVE NATURELLE DE DAHLIAFLEUR : LES PARLEMENTAIRES RASSURES PAR LE MINISTRE JEAN-LUC ASSI"},"content":{"rendered":"<div class=\"m8h3af8h l7ghb35v kjdc1dyq kmwttqpk gh25dzvf n3t5jt4f\">\u00a0<\/div>\n<div class=\"l7ghb35v kjdc1dyq kmwttqpk gh25dzvf jikcssrz n3t5jt4f\">\n<div dir=\"auto\" style=\"text-align: justify;\">\n<div class=\"l7ghb35v kjdc1dyq kmwttqpk gh25dzvf jikcssrz n3t5jt4f\">\n<div dir=\"auto\"><img decoding=\"async\" loading=\"lazy\" class=\"size-full wp-image-3994 aligncenter\" src=\"https:\/\/did-dev.net\/mineddte\/wp-content\/uploads\/2022\/10\/288098923_984432289064261_5110776196972541974_n.jpg\" alt=\"\" width=\"960\" height=\"720\" srcset=\"https:\/\/did-dev.net\/mineddte\/wp-content\/uploads\/2022\/10\/288098923_984432289064261_5110776196972541974_n.jpg 960w, https:\/\/did-dev.net\/mineddte\/wp-content\/uploads\/2022\/10\/288098923_984432289064261_5110776196972541974_n-262x197.jpg 262w, https:\/\/did-dev.net\/mineddte\/wp-content\/uploads\/2022\/10\/288098923_984432289064261_5110776196972541974_n-443x332.jpg 443w, https:\/\/did-dev.net\/mineddte\/wp-content\/uploads\/2022\/10\/288098923_984432289064261_5110776196972541974_n-100x75.jpg 100w\" sizes=\"(max-width: 960px) 100vw, 960px\" \/><\/div>\n<div dir=\"auto\">\u00a0<\/div>\n<div dir=\"auto\">\n<div class=\"l7ghb35v kjdc1dyq kmwttqpk gh25dzvf jikcssrz n3t5jt4f\">\n<div dir=\"auto\" style=\"text-align: justify;\"><span style=\"font-family: verdana, geneva, sans-serif;\">L\u2019affaire \u00ab Dahliafleur \u00bb a \u00e9t\u00e9 au centre d\u2019une audience que le Ministre Jean-Luc ASSI a accord\u00e9 \u00e0 une d\u00e9l\u00e9gation de l\u2019Assembl\u00e9e Nationale. C\u2019\u00e9tait le jeudi 24 juin 2022, \u00e0 son Cabinet, sis au Plateau Tour D, 10e \u00e9tage.<\/span><\/div>\n<div dir=\"auto\">\u00a0<\/div>\n<div dir=\"auto\" style=\"text-align: justify;\"><span style=\"font-family: verdana, geneva, sans-serif;\">Mis en mission de recueil d\u2019information par la Commission Recherche, Science, Technologie et Environnement (CRSTE), depuis le cas \u00ab Dahliafleur \u00bb qui a d\u00e9fray\u00e9 la chronique, ces \u00e9lus de la nation sont venus avoir de plus amples informations sur le statut et les dispositions r\u00e8glementaires qui encadrent la gestion de cette r\u00e9serve en particulier, et au-del\u00e0 de tout le r\u00e9seau des parcs et r\u00e9serves de la C\u00f4te d\u2019Ivoire.<\/span><\/div>\n<div dir=\"auto\">\u00a0<\/div>\n<\/div>\n<div class=\"l7ghb35v kjdc1dyq kmwttqpk gh25dzvf jikcssrz n3t5jt4f\" style=\"text-align: justify;\">\n<div dir=\"auto\"><span style=\"font-family: verdana, geneva, sans-serif;\"><em>\u00ab Selon l\u2019article 2 de la Loi 2002-102 du 11 f\u00e9vrier 2002, la sauvegarde du patrimoine naturel est d\u2019int\u00e9r\u00eat g\u00e9n\u00e9ral et constitue l\u2019un des objectifs prioritaires de la Nation \u00bb<\/em>, a d\u00e9clar\u00e9 Jean-Luc ASSI au cours de l\u2019audience. Selon cette loi, les aires prot\u00e9g\u00e9es, tels que Dahliafleur, sont g\u00e9r\u00e9es dans le but de la conservation in situ des \u00e9cosyst\u00e8mes naturels d\u2019esp\u00e8ces, des peuplements ou biotopes sp\u00e9cifiques. Ce sont des espaces de r\u00e9cr\u00e9ation et d\u2019\u00e9ducation du public o\u00f9 l\u2019abattage et la chasse sont interdits. Par ailleurs, Dahliafleur a \u00e9t\u00e9 mise sous statut de protection par le <em>D\u00e9cret n\u00b02013-127 du 20 f\u00e9vrier 2013<\/em>. La r\u00e9serve dispose ainsi d\u2019un plan d\u2019am\u00e9nagement arrim\u00e9 \u00e0 des objectifs de pr\u00e9servation, de sorte que les activit\u00e9s qui y sont men\u00e9es ob\u00e9issent \u00e0 ce cadre et vise la protection de la diversit\u00e9 biologique in-situ.<\/span><\/div>\n<div dir=\"auto\">\u00a0<\/div>\n<\/div>\n<div class=\"l7ghb35v kjdc1dyq kmwttqpk gh25dzvf jikcssrz n3t5jt4f\" style=\"text-align: justify;\">\n<div dir=\"auto\"><span style=\"font-family: verdana, geneva, sans-serif;\"><em>\u00ab Au regard du statut actuel de la R\u00e9serve naturelle de Dahlia fleur, elle ne peut faire l\u2019objet d\u2019aucune forme de cession ou de valorisation contraire \u00e0 son objectif de pr\u00e9servation d\u00e9fini dans le Plan d\u2019Am\u00e9nagement et de Gestion de cette aire prot\u00e9g\u00e9e \u00bb<\/em>, a rassur\u00e9 le Ministre en charge de l\u2019environnement.<\/span><\/div>\n<div dir=\"auto\">\u00a0<\/div>\n<\/div>\n<div class=\"l7ghb35v kjdc1dyq kmwttqpk gh25dzvf jikcssrz n3t5jt4f\" style=\"text-align: justify;\">\n<div dir=\"auto\"><span style=\"font-family: verdana, geneva, sans-serif;\">La C\u00f4te d&#8217;Ivoire a ratifi\u00e9 la Convention sur la Diversit\u00e9 Biologique, le 14 Novembre 1994. Dans le cadre des objectifs d\u2019Aichi sur la sauvegarde de la biodiversit\u00e9, tous les pays, y compris la C\u00f4te d\u2019Ivoire, se sont engag\u00e9s \u00e0 d\u00e9dier 17% pour de leur territoire \u00e0 la conservation des aires prot\u00e9g\u00e9es. Tous ces engagements internationaux et nationaux visent un mod\u00e8le \u00e9conomique ax\u00e9e sur la durabilit\u00e9 du principal moteur de d\u00e9veloppement du pays, notamment l\u2019agriculture. C\u2019est \u00e0 juste titre que l\u2019engagement du pays \u00e0 reconstituer 20% de son couvert forestier d\u2019ici 2030 a marqu\u00e9 les esprits lors de la COP26 de Glasgow. Les enjeux \u00e9conomiques, sociaux et culturelles li\u00e9s \u00e0 la qualit\u00e9 de l\u2019environnement sont immenses et bien document\u00e9s.<\/span><\/div>\n<div dir=\"auto\">\u00a0<\/div>\n<\/div>\n<div class=\"l7ghb35v kjdc1dyq kmwttqpk gh25dzvf jikcssrz n3t5jt4f\" style=\"text-align: justify;\">\n<div dir=\"auto\"><span style=\"font-family: verdana, geneva, sans-serif;\">Devant les Honorables D\u00e9put\u00e9s, Jean-Luc ASSI a confirm\u00e9 que <em>\u00ab la R\u00e9serve naturelle de Dahlia fleur ne peut et ne sera pas d\u00e9truite pour faire place \u00e0 la construction du projet d\u2019\u00e9tablissement h\u00f4telier \u00bb.<\/em><\/span><\/div>\n<div dir=\"auto\"><span style=\"font-family: verdana, geneva, sans-serif;\">Le Ministre a salu\u00e9 la d\u00e9marche entreprise par la d\u00e9l\u00e9gation des parlementaires. En poursuivant, Il s\u2019est f\u00e9licit\u00e9 de la conscience environnementale qui s\u2019implante dans le quotidien des populations et a souhait\u00e9 que les r\u00e9actions \u00e7\u00e0 et l\u00e0 ne se limitent pas seulement \u00e0 la sauvegarde du patrimoine forestier, mais que celles-ci prennent en compte tous les aspects de l\u2019environnement et du d\u00e9veloppement durable.<\/span><\/div>\n<div dir=\"auto\">\u00a0<\/div>\n<\/div>\n<div class=\"l7ghb35v kjdc1dyq kmwttqpk gh25dzvf jikcssrz n3t5jt4f\">\n<div dir=\"auto\" style=\"text-align: justify;\"><span style=\"font-family: verdana, geneva, sans-serif;\">Le G\u00e9n\u00e9ral Adama TONDOSSAMA, Directeur de l\u2019Office Ivoirien des Parcs et R\u00e9serves (OIPR) a fait une pr\u00e9sentation sur le statut, les enjeux et les perspectives li\u00e9s au cadre de gestion de la r\u00e9serve. Dans les \u00e9changes avec les d\u00e9put\u00e9s en charges des questions environnementales, il a rench\u00e9ri en pr\u00e9cisant que tout projet \u00e0 l\u2019int\u00e9rieur ou \u00e0 l\u2019ext\u00e9rieur de la r\u00e9serve est soumis \u00e0 une \u00e9tude d\u2019impact environnementale et social.<\/span><\/div>\n<div dir=\"auto\">\u00a0<\/div>\n<div dir=\"auto\" style=\"text-align: justify;\"><span style=\"font-family: verdana, geneva, sans-serif;\"><em><span style=\"font-family: verdana, geneva, sans-serif;\">\u00ab Je peux dire que nous partons rassur\u00e9s puisque, textes l\u00e9gislatifs et r\u00e8glementaires \u00e0 l\u2019appui, le Ministre de l\u2019Environnement et son \u00e9quipe nous ont expliqu\u00e9 que la r\u00e9serve de Dahlia fleur\u00a0est prot\u00e9g\u00e9e par la loi et qu\u2019elle a un statut tel que l\u2019Etat lui-m\u00eame ne peut pas la c\u00e9der. \u00c7a nous suffit comme informations. En tant que membres de la commission environnement, nous sommes maintenant outill\u00e9s pour prendre notre place de d\u00e9fenseur de notre patrimoine naturel et r\u00e9pondre aux pr\u00e9occupations de toutes les organisations de la soci\u00e9t\u00e9 civile qui nous saisissent \u00bb<\/span><\/em><span style=\"font-family: verdana, geneva, sans-serif;\">, a affirm\u00e9 au terme de la rencontre, l\u2019Honorable TCHEIDE Jean Gervais, Chef de la d\u00e9l\u00e9gation.<\/span><\/span><\/div>\n<\/div>\n<\/div>\n<\/div>\n<\/div>\n<\/div>\n","protected":false},"excerpt":{"rendered":"<p>\u00a0 \u00a0 L\u2019affaire \u00ab Dahliafleur \u00bb a \u00e9t\u00e9 au centre d\u2019une audience que le Ministre Jean-Luc ASSI a accord\u00e9 \u00e0 une d\u00e9l\u00e9gation de l\u2019Assembl\u00e9e Nationale. C\u2019\u00e9tait le jeudi 24 juin [&hellip;]<\/p>\n","protected":false},"author":1,"featured_media":3994,"comment_status":"closed","ping_status":"closed","sticky":false,"template":"","format":"standard","meta":{"_lmt_disableupdate":"no","_lmt_disable":"","pgc_sgb_lightbox_settings":""},"categories":[58],"tags":[],"post_folder":[59],"modified_by":"MINEDD","_links":{"self":[{"href":"https:\/\/did-dev.net\/mineddte\/wp-json\/wp\/v2\/posts\/3993"}],"collection":[{"href":"https:\/\/did-dev.net\/mineddte\/wp-json\/wp\/v2\/posts"}],"about":[{"href":"https:\/\/did-dev.net\/mineddte\/wp-json\/wp\/v2\/types\/post"}],"author":[{"embeddable":true,"href":"https:\/\/did-dev.net\/mineddte\/wp-json\/wp\/v2\/users\/1"}],"replies":[{"embeddable":true,"href":"https:\/\/did-dev.net\/mineddte\/wp-json\/wp\/v2\/comments?post=3993"}],"version-history":[{"count":1,"href":"https:\/\/did-dev.net\/mineddte\/wp-json\/wp\/v2\/posts\/3993\/revisions"}],"predecessor-version":[{"id":3995,"href":"https:\/\/did-dev.net\/mineddte\/wp-json\/wp\/v2\/posts\/3993\/revisions\/3995"}],"wp:featuredmedia":[{"embeddable":true,"href":"https:\/\/did-dev.net\/mineddte\/wp-json\/wp\/v2\/media\/3994"}],"wp:attachment":[{"href":"https:\/\/did-dev.net\/mineddte\/wp-json\/wp\/v2\/media?parent=3993"}],"wp:term":[{"taxonomy":"category","embeddable":true,"href":"https:\/\/did-dev.net\/mineddte\/wp-json\/wp\/v2\/categories?post=3993"},{"taxonomy":"post_tag","embeddable":true,"href":"https:\/\/did-dev.net\/mineddte\/wp-json\/wp\/v2\/tags?post=3993"},{"taxonomy":"post_folder","embeddable":true,"href":"https:\/\/did-dev.net\/mineddte\/wp-json\/wp\/v2\/post_folder?post=3993"}],"curies":[{"name":"wp","href":"https:\/\/api.w.org\/{rel}","templated":true}]}}