{"id":3990,"date":"2022-06-28T14:02:18","date_gmt":"2022-06-28T14:02:18","guid":{"rendered":"https:\/\/did-dev.net\/mineddte\/?p=3990"},"modified":"2022-10-07T09:06:38","modified_gmt":"2022-10-07T09:06:38","slug":"gestion-durable-de-la-filiere-huile-de-palme-reduction-de-la-deforestation-les-experts-de-10-pays-africains-reflechissent-sur-la-question","status":"publish","type":"post","link":"https:\/\/did-dev.net\/mineddte\/gestion-durable-de-la-filiere-huile-de-palme-reduction-de-la-deforestation-les-experts-de-10-pays-africains-reflechissent-sur-la-question\/","title":{"rendered":"GESTION DURABLE DE LA FILIERE HUILE DE PALME \/ REDUCTION DE LA DEFORESTATION : LES EXPERTS DE 10 PAYS AFRICAINS REFLECHISSENT SUR LA QUESTION"},"content":{"rendered":"<div class=\"m8h3af8h l7ghb35v kjdc1dyq kmwttqpk gh25dzvf n3t5jt4f\">\u00a0<\/div>\n<div class=\"l7ghb35v kjdc1dyq kmwttqpk gh25dzvf jikcssrz n3t5jt4f\">\n<div dir=\"auto\" style=\"text-align: justify;\">\n<div class=\"l7ghb35v kjdc1dyq kmwttqpk gh25dzvf jikcssrz n3t5jt4f\">\n<div dir=\"auto\"><span style=\"font-family: verdana, geneva, sans-serif;\"><img decoding=\"async\" loading=\"lazy\" class=\"size-full wp-image-3991 aligncenter\" src=\"https:\/\/did-dev.net\/mineddte\/wp-content\/uploads\/2022\/10\/289110452_987774975396659_3091359334953199607_n.jpg\" alt=\"\" width=\"960\" height=\"639\" srcset=\"https:\/\/did-dev.net\/mineddte\/wp-content\/uploads\/2022\/10\/289110452_987774975396659_3091359334953199607_n.jpg 960w, https:\/\/did-dev.net\/mineddte\/wp-content\/uploads\/2022\/10\/289110452_987774975396659_3091359334953199607_n-262x174.jpg 262w, https:\/\/did-dev.net\/mineddte\/wp-content\/uploads\/2022\/10\/289110452_987774975396659_3091359334953199607_n-499x332.jpg 499w, https:\/\/did-dev.net\/mineddte\/wp-content\/uploads\/2022\/10\/289110452_987774975396659_3091359334953199607_n-100x67.jpg 100w, https:\/\/did-dev.net\/mineddte\/wp-content\/uploads\/2022\/10\/289110452_987774975396659_3091359334953199607_n-391x260.jpg 391w\" sizes=\"(max-width: 960px) 100vw, 960px\" \/><\/span><\/div>\n<div dir=\"auto\">\u00a0<\/div>\n<div dir=\"auto\"><span style=\"font-family: verdana, geneva, sans-serif;\">Repr\u00e9sentant le Ministre de l\u2019Environnement et du D\u00e9veloppement Durable, le Directeur de Cabinet, Monsieur Parfait KOUADIO a proc\u00e9d\u00e9 \u00e0 l\u2019ouverture du 7e atelier r\u00e9gional de l\u2019initiative africaine pour l\u2019huile de palme (APOI) le mardi 28 juin 2022, \u00e0 l\u2019H\u00f4tel TIAMA, sis au Plateau.<\/span><\/div>\n<\/div>\n<div class=\"l7ghb35v kjdc1dyq kmwttqpk gh25dzvf jikcssrz n3t5jt4f\">\n<div dir=\"auto\"><span style=\"font-family: verdana, geneva, sans-serif;\">Selon le repr\u00e9sentant du Ministre Jean-Luc ASSI, cet atelier vise \u00e0 examiner et mettre \u00e0 jour la D\u00e9claration de Marrakech pour le d\u00e9veloppement durable du secteur de l\u2019huile de palme et d\u2019inclure d\u2019autres produits de base pr\u00e9sentant des risques de d\u00e9forestation.<\/span><\/div>\n<div dir=\"auto\">\u00a0<\/div>\n<\/div>\n<div class=\"l7ghb35v kjdc1dyq kmwttqpk gh25dzvf jikcssrz n3t5jt4f\">\n<div dir=\"auto\"><span style=\"font-family: verdana, geneva, sans-serif;\"><em>\u00ab En novembre 2021, c\u2019est-\u00e0-dire, Cinq (5) ans apr\u00e8s la D\u00e9claration de Marrakech, les Ministres et repr\u00e9sentants africains ont fait le point sur les progr\u00e8s r\u00e9alis\u00e9s et reconnu la n\u00e9cessit\u00e9 d\u2019actualiser cette d\u00e9claration \u00bb<\/em>, a d\u00e9clar\u00e9 Parfait KOUADIO. En effet, La D\u00e9claration de Marrakech pour un d\u00e9veloppement durable de la fili\u00e8re huile de palme en Afrique a \u00e9t\u00e9 sign\u00e9e par les pays \u00e0 la COP22 au Maroc en 2016. Cette d\u00e9claration a \u00e9t\u00e9 \u00e0 l\u2019ordre du jour pendant la CoP26 \u00e0 Glasgow, le 6 novembre 2021.<\/span><\/div>\n<\/div>\n<div class=\"l7ghb35v kjdc1dyq kmwttqpk gh25dzvf jikcssrz n3t5jt4f\">\n<div dir=\"auto\"><span style=\"font-family: verdana, geneva, sans-serif;\">\u00ab La pr\u00e9sente rencontre des 28 et 29 juin 2022, suite logique de tous ces engagements, nous permet d\u2019enclencher le processus d\u2019actualisation tout en ne perdant pas de vue la n\u00e9cessit\u00e9 de mobiliser plus de financements afin de faciliter la mise en \u0153uvre des actions qui seront arr\u00eat\u00e9es \u00bb a-t-il pr\u00e9cis\u00e9.<\/span><\/div>\n<div dir=\"auto\">\u00a0<\/div>\n<\/div>\n<div class=\"l7ghb35v kjdc1dyq kmwttqpk gh25dzvf jikcssrz n3t5jt4f\">\n<div dir=\"auto\"><span style=\"font-family: verdana, geneva, sans-serif;\">L\u2019atelier a servi de cadre pour le partage d\u2019exp\u00e9riences sur la mise en \u0153uvre des plans d\u2019actions nationaux et pour discuter de l\u2019avenir de l\u2019initiative APOI, \u00e0 travers son institutionnalisation, son financement durable dans chaque pays.<\/span><\/div>\n<div dir=\"auto\"><span style=\"font-family: verdana, geneva, sans-serif;\">\u00c0 cet \u00e9gard, la C\u00f4te d\u2019Ivoire a engag\u00e9 des reformes strat\u00e9giques dans les secteurs agricole et for\u00eat, suite aux r\u00e9sultats enregistr\u00e9s dans le m\u00e9canisme REDD+. Ceux-ci portent sur l\u2019adoption d\u2019une strat\u00e9gie de promotion d\u2019une agriculture durable et r\u00e9siliente, d\u2019une nouvelle l\u00e9gislation coupl\u00e9e \u00e0 une strat\u00e9gie de gestion foresti\u00e8re ainsi que la mise en place d\u2019un cadre d\u2019action commune secteur public \u2013 agro-industries du cacao au sein de l\u2019Initiative Cacao et For\u00eats.<\/span><\/div>\n<div dir=\"auto\">\u00a0<\/div>\n<div dir=\"auto\"><span style=\"font-family: verdana, geneva, sans-serif;\">Au niveau du secteur huile de palme, Monsieur Constantin Kodjo Kouassi, Pr\u00e9sident de l\u2019Association Interprofessionnelle de la fili\u00e8re palmier \u00e0 huile en C\u00f4te d\u2019Ivoire (AIPH), s\u2019est voulu rassurant. <em>\u00ab Nous faisons la promotion de l\u2019agriculture intensive pour plus de rendement \u00e0 l\u2019hectare. Avec la REED+, nous inculquons aux paysans les nouvelles techniques agricoles qui respectent l\u2019environnement. La tra\u00e7abilit\u00e9 de toutes les parcelles, en lien avec le d\u00e9veloppement durable et la lutte contre le travail des enfants dans les plantations font partie de nos priorit\u00e9s \u00bb<\/em>, a expliqu\u00e9 le Pr\u00e9sident de l\u2019AIPH.<\/span><\/div>\n<div dir=\"auto\">\u00a0<\/div>\n<\/div>\n<div class=\"l7ghb35v kjdc1dyq kmwttqpk gh25dzvf jikcssrz n3t5jt4f\">\n<div dir=\"auto\"><span style=\"font-family: verdana, geneva, sans-serif;\">Un repr\u00e9sentant de l\u2019Ambassade du Royaume- Uni en C\u00f4te d\u2019Ivoire, Messieurs Felipe CARAZO de la Tropical Forest Alliance (TFA) et Abraham BAFOUE, repr\u00e9sentant Afrique de Porforest ont pris part \u00e0 cette c\u00e9r\u00e9monie d\u2019ouverture.<\/span><\/div>\n<div dir=\"auto\"><span style=\"font-family: verdana, geneva, sans-serif;\">Depuis 2015, la C\u00f4te d\u2019Ivoire \u00e0 travers le Secr\u00e9tariat Ex\u00e9cutif Permanent REDD+ est membre de la Tropical Forest Alliance. La TFA est un partenariat public-priv\u00e9 qui vise \u00e0 r\u00e9duire la d\u00e9forestation tropicale associ\u00e9e \u00e0 des produits mondiaux cl\u00e9s, telles que le soja, huile de palme. L&#8217;Initiative pour l&#8217;huile de palme en Afrique (APOI) est une initiative de la Tropical Forest Alliance (TFA) coordonn\u00e9e par Proforest et financ\u00e9e par le Royaume-Uni via son programme Partenariats pour les for\u00eats.<\/span><\/div>\n<\/div>\n<\/div>\n<\/div>\n","protected":false},"excerpt":{"rendered":"<p>\u00a0 \u00a0 Repr\u00e9sentant le Ministre de l\u2019Environnement et du D\u00e9veloppement Durable, le Directeur de Cabinet, Monsieur Parfait KOUADIO a proc\u00e9d\u00e9 \u00e0 l\u2019ouverture du 7e atelier r\u00e9gional de l\u2019initiative africaine pour [&hellip;]<\/p>\n","protected":false},"author":1,"featured_media":3991,"comment_status":"closed","ping_status":"closed","sticky":false,"template":"","format":"standard","meta":{"_lmt_disableupdate":"no","_lmt_disable":"","pgc_sgb_lightbox_settings":""},"categories":[58],"tags":[],"post_folder":[59],"modified_by":"MINEDD","_links":{"self":[{"href":"https:\/\/did-dev.net\/mineddte\/wp-json\/wp\/v2\/posts\/3990"}],"collection":[{"href":"https:\/\/did-dev.net\/mineddte\/wp-json\/wp\/v2\/posts"}],"about":[{"href":"https:\/\/did-dev.net\/mineddte\/wp-json\/wp\/v2\/types\/post"}],"author":[{"embeddable":true,"href":"https:\/\/did-dev.net\/mineddte\/wp-json\/wp\/v2\/users\/1"}],"replies":[{"embeddable":true,"href":"https:\/\/did-dev.net\/mineddte\/wp-json\/wp\/v2\/comments?post=3990"}],"version-history":[{"count":1,"href":"https:\/\/did-dev.net\/mineddte\/wp-json\/wp\/v2\/posts\/3990\/revisions"}],"predecessor-version":[{"id":3992,"href":"https:\/\/did-dev.net\/mineddte\/wp-json\/wp\/v2\/posts\/3990\/revisions\/3992"}],"wp:featuredmedia":[{"embeddable":true,"href":"https:\/\/did-dev.net\/mineddte\/wp-json\/wp\/v2\/media\/3991"}],"wp:attachment":[{"href":"https:\/\/did-dev.net\/mineddte\/wp-json\/wp\/v2\/media?parent=3990"}],"wp:term":[{"taxonomy":"category","embeddable":true,"href":"https:\/\/did-dev.net\/mineddte\/wp-json\/wp\/v2\/categories?post=3990"},{"taxonomy":"post_tag","embeddable":true,"href":"https:\/\/did-dev.net\/mineddte\/wp-json\/wp\/v2\/tags?post=3990"},{"taxonomy":"post_folder","embeddable":true,"href":"https:\/\/did-dev.net\/mineddte\/wp-json\/wp\/v2\/post_folder?post=3990"}],"curies":[{"name":"wp","href":"https:\/\/api.w.org\/{rel}","templated":true}]}}