{"id":3986,"date":"2022-07-19T13:34:51","date_gmt":"2022-07-19T13:34:51","guid":{"rendered":"https:\/\/did-dev.net\/mineddte\/?p=3986"},"modified":"2022-10-07T09:34:15","modified_gmt":"2022-10-07T09:34:15","slug":"kigali-congres-africain-des-aires-protegees-jean-luc-assi-partage-lexperience-de-la-cote-divoire-en-matiere-de-strategies-de-conservation-de-la-nature","status":"publish","type":"post","link":"https:\/\/did-dev.net\/mineddte\/kigali-congres-africain-des-aires-protegees-jean-luc-assi-partage-lexperience-de-la-cote-divoire-en-matiere-de-strategies-de-conservation-de-la-nature\/","title":{"rendered":"KIGALI \/ CONGRES AFRICAIN DES AIRES PROTEGEES : JEAN-LUC ASSI PARTAGE L\u2019EXPERIENCE DE LA COTE D\u2019IVOIRE EN MATIERE DE STRATEGIES DE CONSERVATION DE LA NATURE"},"content":{"rendered":"<p style=\"text-align: justify;\"><span style=\"font-family: verdana, geneva, sans-serif;\"><img decoding=\"async\" loading=\"lazy\" class=\"size-full wp-image-3987 aligncenter\" src=\"https:\/\/did-dev.net\/mineddte\/wp-content\/uploads\/2022\/10\/294148357_1005022900338533_2837627726618270163_n.jpg\" alt=\"\" width=\"960\" height=\"540\" srcset=\"https:\/\/did-dev.net\/mineddte\/wp-content\/uploads\/2022\/10\/294148357_1005022900338533_2837627726618270163_n.jpg 960w, https:\/\/did-dev.net\/mineddte\/wp-content\/uploads\/2022\/10\/294148357_1005022900338533_2837627726618270163_n-262x147.jpg 262w, https:\/\/did-dev.net\/mineddte\/wp-content\/uploads\/2022\/10\/294148357_1005022900338533_2837627726618270163_n-590x332.jpg 590w, https:\/\/did-dev.net\/mineddte\/wp-content\/uploads\/2022\/10\/294148357_1005022900338533_2837627726618270163_n-100x56.jpg 100w\" sizes=\"(max-width: 960px) 100vw, 960px\" \/><\/span><\/p>\n<div class=\"m8h3af8h l7ghb35v kjdc1dyq kmwttqpk gh25dzvf n3t5jt4f\">\n<div dir=\"auto\" style=\"text-align: justify;\"><span style=\"font-family: verdana, geneva, sans-serif;\">Pr\u00e9sent dans la capitale rwandaise dans le cadre du premier congr\u00e8s des aires prot\u00e9g\u00e9es d&#8217;Afrique de l&#8217;UICN (APAC), le Ministre ivoirien en charge de l\u2019environnement, monsieur Jean-Luc ASSI a pris part, le 18 juillet 2022, \u00e0 la c\u00e9r\u00e9monie d\u2019ouverture de cette rencontre qui se tient jusqu\u2019au 23 juillet 2022.<\/span><\/div>\n<div dir=\"auto\">\u00a0<\/div>\n<div dir=\"auto\" style=\"text-align: justify;\"><span style=\"font-family: verdana, geneva, sans-serif;\"><em>\u00ab Les aires prot\u00e9g\u00e9es sont essentielles \u00e0 la survie de la plan\u00e8te \u00bb<\/em>, a rappel\u00e9 le Directeur G\u00e9n\u00e9ral de l&#8217;IUCN, Bruno Oberle, lors de l\u2019ouverture des discussions \u00e0 Kigali. <em>\u00ab Et plus nous les g\u00e9rons au b\u00e9n\u00e9fice de la population et de la nature, plus nous allons construire un avenir o\u00f9 chacun, qu&#8217;il soit une personne ou un animal, pourra prosp\u00e9rer \u00bb<\/em>, a-t-il ajout\u00e9.<\/span><\/div>\n<div dir=\"auto\">\u00a0<\/div>\n<div dir=\"auto\" style=\"text-align: justify;\"><span style=\"font-family: verdana, geneva, sans-serif;\">Il s\u2019agit pour ces acteurs de faire des propositions pour fa\u00e7onner l&#8217;agenda des aires prot\u00e9g\u00e9es d&#8217;Afrique afin de tirer des avantages pour les populations et la nature. A cet effet, ce premier Congr\u00e8s vise \u00e0 am\u00e9liorer le statut de conservation de la nature en Afrique. Selon l&#8217;APAC, l&#8217;Afrique d\u00e9pense actuellement moins de 10 % de ce dont elle a besoin pour prot\u00e9ger et restaurer la nature. Ainsi, la recherche de sources de financement innovantes et nouvelles pour les aires prot\u00e9g\u00e9es d&#8217;Afrique, dont la plupart sont sous-financ\u00e9es demeure l&#8217;un des \u00e9l\u00e9ments cl\u00e9s des discussions de cette semaine \u00e0 Kigali.<\/span><\/div>\n<div dir=\"auto\">\u00a0<\/div>\n<div dir=\"auto\" style=\"text-align: justify;\"><span style=\"font-family: verdana, geneva, sans-serif;\">Interrog\u00e9 sur ce point, le Ministre Ivoirien a fait cet \u00e9clairci : <em>\u00ab la conservation de la biodiversit\u00e9 est essentielle dans notre d\u00e9veloppement \u00e9conomique car c\u2019est un secteur qui emploie de nombreuses personnes directement ou indirectement. En C\u00f4te d\u2019Ivoire, les autorit\u00e9s ont pris des mesures fortes visant \u00e0 augmenter le niveau d&#8217;investissement dans la biodiversit\u00e9 et l\u2019accompagnement de projets qui soutiennent nos \u00e9cosyst\u00e8mes. Un tel m\u00e9canisme a \u00e9t\u00e9 possible \u00e0 travers des partenariats public-priv\u00e9, le d\u00e9veloppement de solutions \u00e9cotouristiques impliquant les communaut\u00e9s riveraines et l\u2019appui des PTFs \u00bb.<\/em><\/span><\/div>\n<div dir=\"auto\">\u00a0<\/div>\n<div dir=\"auto\" style=\"text-align: justify;\"><span style=\"font-family: verdana, geneva, sans-serif;\">Par ailleurs, l\u2019adoption d\u2019un d\u00e9cret le 06 juin dernier portant cr\u00e9ation de l\u2019Aire Marine Prot\u00e9g\u00e9e de Grand B\u00e9r\u00e9by vient \u00e9difier l\u2019engagement du gouvernent ivoirien, qui dans cet \u00e9lan a pr\u00e9vu cr\u00e9er plusieurs autre AMP. Le pays dispose d\u2019un r\u00e9seau de 16 aires prot\u00e9g\u00e9es. Ce riche patrimoine biologique repr\u00e9sente pr\u00e8s de 2 160 744 hectares de biotopes, selon les donn\u00e9es fournies par l\u2019Office Ivoirien des Parcs et R\u00e9serves (OIPR).<\/span><\/div>\n<div dir=\"auto\">\u00a0<\/div>\n<\/div>\n<div class=\"l7ghb35v kjdc1dyq kmwttqpk gh25dzvf jikcssrz n3t5jt4f\">\n<div dir=\"auto\" style=\"text-align: justify;\"><span style=\"font-family: verdana, geneva, sans-serif;\">Pr\u00e9sent \u00e0 Kigali dans le cadre de l\u2019APAC, l&#8217;ex-chef d&#8217;\u00c9tat nig\u00e9rien Mahamadou Issoufou a fait remarquer qu\u2019au-del\u00e0 du r\u00f4le jou\u00e9 dans la r\u00e9silience et la s\u00e9curit\u00e9 alimentaire des communaut\u00e9s, l&#8217;on constate malheureusement que les aires prot\u00e9g\u00e9es sont sous-financ\u00e9es. Il a poursuivi en mettant en exergue l\u2019importance de la biodiversit\u00e9 pour la transformation de nos \u00e9conomies. <em>\u00ab Il est impossible de r\u00e9aliser les objectifs du d\u00e9veloppement durable parce que nos vies, nos \u00e9conomies et nos prosp\u00e9rit\u00e9s d\u00e9pendent de la nature \u00bb<\/em>, a-t-il d\u00e9clar\u00e9.<\/span><\/div>\n<div dir=\"auto\">\u00a0<\/div>\n<div dir=\"auto\" style=\"text-align: justify;\"><span style=\"font-family: verdana, geneva, sans-serif;\">Le congr\u00e8s des aires prot\u00e9g\u00e9es d&#8217;Afrique de l&#8217;Union internationale pour la conservation de la nature se d\u00e9roule dans le contexte de la prochaine de la COP15 biodiversit\u00e9, pr\u00e9vue en d\u00e9cembre \u00e0 Montr\u00e9al, qui doit adopter un cadre mondial pour mieux prot\u00e9ger la nature ravag\u00e9e par les activit\u00e9s humaines, \u00e0 horizon 2050. Ce sera le lieu de renforcer les engagements des pays africains. Il faut dire qu\u2019avant l\u2019APAC de Kigali, les 196 membres de la Convention pour la diversit\u00e9 biologique (CDB) de l&#8217;ONU se sont r\u00e9unis \u00e0 Nairobi au mois de juin 2022, pour discuter de la protection d\u2019au moins 30 % des terres et oc\u00e9ans d&#8217;ici 2030, de la r\u00e9duction de la pollution plastique et agricole.<\/span><\/div>\n<div dir=\"auto\">\u00a0<\/div>\n<div dir=\"auto\" style=\"text-align: justify;\"><span style=\"font-family: verdana, geneva, sans-serif;\">Ce premier congr\u00e8s rassemble environ 2 000 participants issus des gouvernements, du secteur priv\u00e9, de la soci\u00e9t\u00e9 civile, des populations autochtones et des communaut\u00e9s locales pour discuter du r\u00f4le des aires prot\u00e9g\u00e9es dans la sauvegarde de la faune africaine, la fourniture de services \u00e9cosyst\u00e9miques, la promotion du d\u00e9veloppement durable et la conservation du patrimoine culturel et des traditions de l&#8217;Afrique.<\/span><\/div>\n<div dir=\"auto\">\u00a0<\/div>\n<div dir=\"auto\" style=\"text-align: justify;\"><span style=\"font-family: verdana, geneva, sans-serif;\">Il est organis\u00e9 par le gouvernement du Rwanda, l&#8217;Union internationale pour la conservation de la nature &#8211; Commission mondiale sur les aires prot\u00e9g\u00e9es (UICN-WCPA) et l&#8217;African Wildlife Foundation (AWF) en collaboration avec d\u2019autres partenaires techniques et financiers. Un rapport de l&#8217;ONU estime que pr\u00e8s de 6 419 esp\u00e8ces animales et 3 148 esp\u00e8ces v\u00e9g\u00e9tales en Afrique sont menac\u00e9es d&#8217;extinction.<\/span><\/div>\n<\/div>\n","protected":false},"excerpt":{"rendered":"<p>Pr\u00e9sent dans la capitale rwandaise dans le cadre du premier congr\u00e8s des aires prot\u00e9g\u00e9es d&#8217;Afrique de l&#8217;UICN (APAC), le Ministre ivoirien en charge de l\u2019environnement, monsieur Jean-Luc ASSI a pris [&hellip;]<\/p>\n","protected":false},"author":1,"featured_media":3987,"comment_status":"closed","ping_status":"closed","sticky":false,"template":"","format":"standard","meta":{"_lmt_disableupdate":"no","_lmt_disable":"","pgc_sgb_lightbox_settings":""},"categories":[58],"tags":[],"post_folder":[59],"modified_by":"MINEDD","_links":{"self":[{"href":"https:\/\/did-dev.net\/mineddte\/wp-json\/wp\/v2\/posts\/3986"}],"collection":[{"href":"https:\/\/did-dev.net\/mineddte\/wp-json\/wp\/v2\/posts"}],"about":[{"href":"https:\/\/did-dev.net\/mineddte\/wp-json\/wp\/v2\/types\/post"}],"author":[{"embeddable":true,"href":"https:\/\/did-dev.net\/mineddte\/wp-json\/wp\/v2\/users\/1"}],"replies":[{"embeddable":true,"href":"https:\/\/did-dev.net\/mineddte\/wp-json\/wp\/v2\/comments?post=3986"}],"version-history":[{"count":2,"href":"https:\/\/did-dev.net\/mineddte\/wp-json\/wp\/v2\/posts\/3986\/revisions"}],"predecessor-version":[{"id":3989,"href":"https:\/\/did-dev.net\/mineddte\/wp-json\/wp\/v2\/posts\/3986\/revisions\/3989"}],"wp:featuredmedia":[{"embeddable":true,"href":"https:\/\/did-dev.net\/mineddte\/wp-json\/wp\/v2\/media\/3987"}],"wp:attachment":[{"href":"https:\/\/did-dev.net\/mineddte\/wp-json\/wp\/v2\/media?parent=3986"}],"wp:term":[{"taxonomy":"category","embeddable":true,"href":"https:\/\/did-dev.net\/mineddte\/wp-json\/wp\/v2\/categories?post=3986"},{"taxonomy":"post_tag","embeddable":true,"href":"https:\/\/did-dev.net\/mineddte\/wp-json\/wp\/v2\/tags?post=3986"},{"taxonomy":"post_folder","embeddable":true,"href":"https:\/\/did-dev.net\/mineddte\/wp-json\/wp\/v2\/post_folder?post=3986"}],"curies":[{"name":"wp","href":"https:\/\/api.w.org\/{rel}","templated":true}]}}