{"id":3982,"date":"2022-07-13T13:27:42","date_gmt":"2022-07-13T13:27:42","guid":{"rendered":"https:\/\/did-dev.net\/mineddte\/?p=3982"},"modified":"2022-10-07T09:14:33","modified_gmt":"2022-10-07T09:14:33","slug":"coordination-de-lelectromobilite-en-cote-divoire-les-acteurs-nationaux-reflechissent-a-la-creation-et-lencrage-institutionnel-dun-organe","status":"publish","type":"post","link":"https:\/\/did-dev.net\/mineddte\/coordination-de-lelectromobilite-en-cote-divoire-les-acteurs-nationaux-reflechissent-a-la-creation-et-lencrage-institutionnel-dun-organe\/","title":{"rendered":"COORDINATION DE L\u2019ELECTROMOBILITE EN COTE D\u2019IVOIRE : LES ACTEURS NATIONAUX REFLECHISSENT A LA CREATION ET L\u2019ENCRAGE INSTITUTIONNEL D\u2019UN ORGANE"},"content":{"rendered":"<p style=\"text-align: justify;\"><span style=\"font-family: verdana, geneva, sans-serif;\"><img decoding=\"async\" loading=\"lazy\" class=\"size-full wp-image-3983 aligncenter\" src=\"https:\/\/did-dev.net\/mineddte\/wp-content\/uploads\/2022\/10\/298991611_1023257298515093_6545648576922868022_n.jpg\" alt=\"\" width=\"960\" height=\"720\" srcset=\"https:\/\/did-dev.net\/mineddte\/wp-content\/uploads\/2022\/10\/298991611_1023257298515093_6545648576922868022_n.jpg 960w, https:\/\/did-dev.net\/mineddte\/wp-content\/uploads\/2022\/10\/298991611_1023257298515093_6545648576922868022_n-262x197.jpg 262w, https:\/\/did-dev.net\/mineddte\/wp-content\/uploads\/2022\/10\/298991611_1023257298515093_6545648576922868022_n-443x332.jpg 443w, https:\/\/did-dev.net\/mineddte\/wp-content\/uploads\/2022\/10\/298991611_1023257298515093_6545648576922868022_n-100x75.jpg 100w\" sizes=\"(max-width: 960px) 100vw, 960px\" \/><\/span><\/p>\n<p style=\"text-align: justify;\"><span style=\"font-family: verdana, geneva, sans-serif;\">La C\u00f4t\u00e9 d\u2019Ivoire ne veut pas rester en marge de l\u2019\u00e9lectro mobilit\u00e9 ou encore la mobilit\u00e9 \u00e9lectrique qui d\u00e9signe les fa\u00e7ons de se d\u00e9placer en utilisant un moyen de transport \u00e9lectrique.<\/span><\/p>\n<p style=\"text-align: justify;\"><span style=\"font-family: verdana, geneva, sans-serif;\">Les enjeux climatiques du d\u00e9veloppement de ce mode de transport, moins pollueur en CO2, se posent aujourd&#8217;hui avec acuit\u00e9 et ont incit\u00e9 plusieurs acteurs nationaux, dont des repr\u00e9sentants de minist\u00e8res techniques et organismes parapubliques \u00e0 mener des r\u00e9flexions aigu\u00ebs sur la cr\u00e9ation et l\u2019encrage institutionnel d\u2019un organe qui devrait coordonner les actions futures \u00e0 poser. De m\u00eame, le cadre organique, le projet de budget et le plan de travail de cet organe de coordination ont \u00e9t\u00e9 discut\u00e9s.<\/span><\/p>\n<p style=\"text-align: justify;\"><span style=\"font-family: verdana, geneva, sans-serif;\">A l\u2019initiative du projet de mobilit\u00e9 \u00e9lectrique, pilot\u00e9 par le minist\u00e8re de l\u2019Environnement et du D\u00e9veloppement Durable (MINEDD), un atelier s\u2019est tenu \u00e0 cet effet, le vendredi 12 juillet 2022, dans un r\u00e9ceptif h\u00f4telier sis Abidjan-Cocody.<\/span><\/p>\n<p style=\"text-align: justify;\"><span style=\"font-family: verdana, geneva, sans-serif;\">L\u2019ouverture de cette activit\u00e9 a \u00e9t\u00e9 pr\u00e9sid\u00e9e par le Conseiller Technique Lavry Nazaire, repr\u00e9sentant le Ministre Jean-Luc ASSI. Il a affirm\u00e9, dans son allocution que la th\u00e9matique des v\u00e9hicules \u00e9lectriques \u00e9tait au centre des pr\u00e9occupations de divers acteurs ivoiriens. \u00ab J\u2019en veux pour preuve la tenue du r\u00e9cent forum de l\u2019automobile tenu \u00e0 l\u2019h\u00f4tel ivoire qui a r\u00e9serv\u00e9 une place de choix \u00e0 l\u2019Electromobilit\u00e9. De plus, plusieurs initiatives sont actuellement mises en \u0153uvre par des Communes et des Starts Up, qui pour mettre en place des Taxis \u00e9lectriques, qui pour cr\u00e9er des plateformes intelligentes pour l\u2019Electromobilit\u00e9 \u00bb, s\u2019est-il exprim\u00e9 tout en lan\u00e7ant cet appel en direction des participants \u00e0 l\u2019atelier \u00ab Le temps presse car, dans un horizon tr\u00e8s proche, il ne sera plus produit de v\u00e9hicules \u00e0 combustion thermique dans le monde entier \u00bb.<\/span><\/p>\n<p style=\"text-align: justify;\"><span style=\"font-family: verdana, geneva, sans-serif;\">En effet, le 08 juin 2022, le parlement europ\u00e9en a vot\u00e9 en faveur de l\u2019interdiction de la vente de v\u00e9hicules \u00e0 moteur thermique utilisant l\u2019essence ou le diesel, \u00e0 partir de 2035. L\u2019objectif est de r\u00e9duire de 55% les \u00e9missions de CO2 des voitures particuli\u00e8res et des camionnettes en 2030 et de 100% en 2035. Tout comme le parlement europ\u00e9en, les constructeurs et les autres puissances \u00e9conomiques sont \u00e0 l\u2019\u0153uvre pour entrer dans la transition \u00e9cologie du transport qu\u2019est l\u2019\u00e9lectro mobilit\u00e9.<\/span><\/p>\n<p style=\"text-align: justify;\"><span style=\"font-family: verdana, geneva, sans-serif;\">La C\u00f4t\u00e9 d\u2019Ivoire ne veut pas rester en marge de l\u2019\u00e9lectro mobilit\u00e9 ou encore la mobilit\u00e9 \u00e9lectrique qui d\u00e9signe les fa\u00e7ons de se d\u00e9placer en utilisant un moyen de transport \u00e9lectrique.<\/span><\/p>\n<p style=\"text-align: justify;\"><span style=\"font-family: verdana, geneva, sans-serif;\">Les enjeux climatiques du d\u00e9veloppement de ce mode de transport, moins pollueur en CO2, se posent aujourd&#8217;hui avec acuit\u00e9 et ont incit\u00e9 plusieurs acteurs nationaux, dont des repr\u00e9sentants de minist\u00e8res techniques et organismes parapubliques \u00e0 mener des r\u00e9flexions aigu\u00ebs sur la cr\u00e9ation et l\u2019encrage institutionnel d\u2019un organe qui devrait coordonner les actions futures \u00e0 poser. De m\u00eame, le cadre organique, le projet de budget et le plan de travail de cet organe de coordination ont \u00e9t\u00e9 discut\u00e9s.<\/span><\/p>\n<p style=\"text-align: justify;\"><span style=\"font-family: verdana, geneva, sans-serif;\">A l\u2019initiative du projet de mobilit\u00e9 \u00e9lectrique, pilot\u00e9 par le minist\u00e8re de l\u2019Environnement et du D\u00e9veloppement Durable (MINEDD), un atelier s\u2019est tenu \u00e0 cet effet, le vendredi 12 juillet 2022, dans un r\u00e9ceptif h\u00f4telier sis Abidjan-Cocody.<\/span><\/p>\n<p style=\"text-align: justify;\"><span style=\"font-family: verdana, geneva, sans-serif;\">L\u2019ouverture de cette activit\u00e9 a \u00e9t\u00e9 pr\u00e9sid\u00e9e par le Conseiller Technique Lavry Nazaire, repr\u00e9sentant le Ministre Jean-Luc ASSI. Il a affirm\u00e9, dans son allocution que la th\u00e9matique des v\u00e9hicules \u00e9lectriques \u00e9tait au centre des pr\u00e9occupations de divers acteurs ivoiriens. \u00ab J\u2019en veux pour preuve la tenue du r\u00e9cent forum de l\u2019automobile tenu \u00e0 l\u2019h\u00f4tel ivoire qui a r\u00e9serv\u00e9 une place de choix \u00e0 l\u2019Electromobilit\u00e9. De plus, plusieurs initiatives sont actuellement mises en \u0153uvre par des Communes et des Starts Up, qui pour mettre en place des Taxis \u00e9lectriques, qui pour cr\u00e9er des plateformes intelligentes pour l\u2019Electromobilit\u00e9 \u00bb, s\u2019est-il exprim\u00e9 tout en lan\u00e7ant cet appel en direction des participants \u00e0 l\u2019atelier \u00ab Le temps presse car, dans un horizon tr\u00e8s proche, il ne sera plus produit de v\u00e9hicules \u00e0 combustion thermique dans le monde entier \u00bb.<\/span><\/p>\n<p style=\"text-align: justify;\"><span style=\"font-family: verdana, geneva, sans-serif;\">En effet, le 08 juin 2022, le parlement europ\u00e9en a vot\u00e9 en faveur de l\u2019interdiction de la vente de v\u00e9hicules \u00e0 moteur thermique utilisant l\u2019essence ou le diesel, \u00e0 partir de 2035. L\u2019objectif est de r\u00e9duire de 55% les \u00e9missions de CO2 des voitures particuli\u00e8res et des camionnettes en 2030 et de 100% en 2035. Tout comme le parlement europ\u00e9en, les constructeurs et les autres puissances \u00e9conomiques sont \u00e0 l\u2019\u0153uvre pour entrer dans la transition \u00e9cologie du transport qu\u2019est l\u2019\u00e9lectro mobilit\u00e9.<\/span><\/p>\n","protected":false},"excerpt":{"rendered":"<p>La C\u00f4t\u00e9 d\u2019Ivoire ne veut pas rester en marge de l\u2019\u00e9lectro mobilit\u00e9 ou encore la mobilit\u00e9 \u00e9lectrique qui d\u00e9signe les fa\u00e7ons de se d\u00e9placer en utilisant un moyen de transport [&hellip;]<\/p>\n","protected":false},"author":1,"featured_media":3983,"comment_status":"closed","ping_status":"closed","sticky":false,"template":"","format":"standard","meta":{"_lmt_disableupdate":"no","_lmt_disable":"","pgc_sgb_lightbox_settings":""},"categories":[58],"tags":[],"post_folder":[59],"modified_by":"MINEDD","_links":{"self":[{"href":"https:\/\/did-dev.net\/mineddte\/wp-json\/wp\/v2\/posts\/3982"}],"collection":[{"href":"https:\/\/did-dev.net\/mineddte\/wp-json\/wp\/v2\/posts"}],"about":[{"href":"https:\/\/did-dev.net\/mineddte\/wp-json\/wp\/v2\/types\/post"}],"author":[{"embeddable":true,"href":"https:\/\/did-dev.net\/mineddte\/wp-json\/wp\/v2\/users\/1"}],"replies":[{"embeddable":true,"href":"https:\/\/did-dev.net\/mineddte\/wp-json\/wp\/v2\/comments?post=3982"}],"version-history":[{"count":2,"href":"https:\/\/did-dev.net\/mineddte\/wp-json\/wp\/v2\/posts\/3982\/revisions"}],"predecessor-version":[{"id":3985,"href":"https:\/\/did-dev.net\/mineddte\/wp-json\/wp\/v2\/posts\/3982\/revisions\/3985"}],"wp:featuredmedia":[{"embeddable":true,"href":"https:\/\/did-dev.net\/mineddte\/wp-json\/wp\/v2\/media\/3983"}],"wp:attachment":[{"href":"https:\/\/did-dev.net\/mineddte\/wp-json\/wp\/v2\/media?parent=3982"}],"wp:term":[{"taxonomy":"category","embeddable":true,"href":"https:\/\/did-dev.net\/mineddte\/wp-json\/wp\/v2\/categories?post=3982"},{"taxonomy":"post_tag","embeddable":true,"href":"https:\/\/did-dev.net\/mineddte\/wp-json\/wp\/v2\/tags?post=3982"},{"taxonomy":"post_folder","embeddable":true,"href":"https:\/\/did-dev.net\/mineddte\/wp-json\/wp\/v2\/post_folder?post=3982"}],"curies":[{"name":"wp","href":"https:\/\/api.w.org\/{rel}","templated":true}]}}