{"id":3976,"date":"2022-09-30T08:46:19","date_gmt":"2022-09-30T08:46:19","guid":{"rendered":"https:\/\/did-dev.net\/mineddte\/?p=3976"},"modified":"2022-10-17T12:34:37","modified_gmt":"2022-10-17T12:34:37","slug":"gestion-ecologique-des-dechets-plastiques-la-cote-divoire-se-dote-de-directives-techniques","status":"publish","type":"post","link":"https:\/\/did-dev.net\/mineddte\/gestion-ecologique-des-dechets-plastiques-la-cote-divoire-se-dote-de-directives-techniques\/","title":{"rendered":"GESTION ECOLOGIQUE DES DECHETS PLASTIQUES : LA COTE D\u2019IVOIRE SE DOTE DE DIRECTIVES TECHNIQUES"},"content":{"rendered":"<p style=\"text-align: justify;\"><span style=\"font-family: verdana, geneva, sans-serif;\"><em><img decoding=\"async\" loading=\"lazy\" class=\"size-full wp-image-3977 aligncenter\" src=\"https:\/\/did-dev.net\/mineddte\/wp-content\/uploads\/2022\/10\/ORIGINE-2.webp\" alt=\"\" width=\"1080\" height=\"810\" srcset=\"https:\/\/did-dev.net\/mineddte\/wp-content\/uploads\/2022\/10\/ORIGINE-2.webp 1080w, https:\/\/did-dev.net\/mineddte\/wp-content\/uploads\/2022\/10\/ORIGINE-2-262x197.webp 262w, https:\/\/did-dev.net\/mineddte\/wp-content\/uploads\/2022\/10\/ORIGINE-2-443x332.webp 443w, https:\/\/did-dev.net\/mineddte\/wp-content\/uploads\/2022\/10\/ORIGINE-2-100x75.webp 100w\" sizes=\"(max-width: 1080px) 100vw, 1080px\" \/><\/em><\/span><\/p>\n<p style=\"text-align: justify;\"><span style=\"font-family: verdana, geneva, sans-serif;\">En C\u00f4te d\u2019Ivoire, on estime entre 40 000 et 100 000 tonnes de d\u00e9chets plastiques qui sont produits par an <em>(Cf. Gouvernement de C\u00f4te d\u2019Ivoire, 2014 ; UNICEF, 2019)<\/em>. Ce flux de d\u00e9chets, dont seulement 5 \u00e0 20% sont recycl\u00e9s, et le reste \u00e9tant jet\u00e9s dans les rues, les d\u00e9p\u00f4ts sauvages ou brul\u00e9s \u00e0 l\u2019air libre, repr\u00e9sente une menace sanitaire et environnementale.<\/span><\/p>\n<p style=\"text-align: justify;\"><span style=\"font-family: verdana, geneva, sans-serif;\">Un atelier de validation des directives techniques en vue de la gestion des d\u00e9chets plastiques en C\u00f4te d\u2019Ivoire s\u2019est tenu dans ce cadre, le jeudi 29 Septembre 2022, \u00e0 Abidjan-Cocody. Cette activit\u00e9 s\u2019inscrit dans les activit\u00e9s du projet \u00ab Gestion rationnelle des polluants organiques persistants (POP) non intentionnels et des diph\u00e9nyles \u00e9thers poly brom\u00e9s (PBDE) pour r\u00e9duire leurs \u00e9missions du secteur des d\u00e9chets industriels \u00bb (UPOPCI). Ce projet est financ\u00e9 par le FEM et mis en \u0153uvre par l\u2019ONUDI, en collaboration avec l\u2019Etat de C\u00f4te d\u2019Ivoire.<\/span><\/p>\n<p style=\"text-align: justify;\"><span style=\"font-family: verdana, geneva, sans-serif;\">Le Directeur de Cabinet, Parfait KOUADIO a repr\u00e9sent\u00e9 le Ministre en charge de l\u2019environnement, lors de l\u2019ouverture qui s\u2019est fait en pr\u00e9sence des repr\u00e9sentants de l\u2019ONUDI, du FEM et une trentaine de participants.<\/span><\/p>\n<p style=\"text-align: justify;\"><span style=\"font-family: verdana, geneva, sans-serif;\">L\u2019analyse des principaux axes des directives techniques \u00e0 valider a port\u00e9 sur la collecte, le transport, le tri et le recyclage des d\u00e9chets pastiques. Il faut noter que ces directives viendront fixer les orientations majeures de la politique de gestion des d\u00e9chets plastiques, poser les bases d\u2019un processus r\u00e9glementaire et hi\u00e9rarchiser les modes de traitement \u00e0 mettre en \u0153uvre \u00e0 cet effet.<\/span><\/p>\n<p style=\"text-align: justify;\"><span style=\"font-family: verdana, geneva, sans-serif;\"><em>\u00ab Les directives valid\u00e9es concernent la gestion \u00e9cologiquement rationnelle de tous les types de plastiques en C\u00f4te d\u2019Ivoire, n\u00e9anmoins, un accent sera mis dans le cadre du projet UPOP-CI, sur les plastiques issus des \u00e9quipements industriels (DEEE et les V\u00e9hicules en Fin de Vie) et qui contiennent des polluants organiques persistants (POP) \u00bb<\/em>, a affirm\u00e9 Gustave BEDI, Coordonnateur dudit projet. Ces POPs, ignifug\u00e9s dans le plastique des \u00e9quipements DEEE et des VFV sont des retardateurs de flamme, tr\u00e8s dangereux pour l\u2019environnement et la sant\u00e9. Il est revenu sur les perspectives.<\/span><\/p>\n<p style=\"text-align: justify;\"><span style=\"font-family: verdana, geneva, sans-serif;\"><em>\u00ab A la longue, le projet va amener ce qu\u2019on appelle la formation des trois R qui signifie R\u00e9duire l\u2019importation des DEEE et des VFV, R\u00e9utiliser en limitant les d\u00e9chets et Recycler. Le moment venu, une ONG sera sur le terrain pour vulgariser ses pratiques aupr\u00e8s des populations \u00bb<\/em>, a indiqu\u00e9 le Coordonnateur.<\/span><\/p>\n","protected":false},"excerpt":{"rendered":"<p>En C\u00f4te d\u2019Ivoire, on estime entre 40 000 et 100 000 tonnes de d\u00e9chets plastiques qui sont produits par an (Cf. Gouvernement de C\u00f4te d\u2019Ivoire, 2014 ; UNICEF, 2019). Ce [&hellip;]<\/p>\n","protected":false},"author":1,"featured_media":4045,"comment_status":"closed","ping_status":"closed","sticky":false,"template":"","format":"standard","meta":{"_lmt_disableupdate":"no","_lmt_disable":"","pgc_sgb_lightbox_settings":""},"categories":[58],"tags":[],"post_folder":[59],"modified_by":"MINEDD","_links":{"self":[{"href":"https:\/\/did-dev.net\/mineddte\/wp-json\/wp\/v2\/posts\/3976"}],"collection":[{"href":"https:\/\/did-dev.net\/mineddte\/wp-json\/wp\/v2\/posts"}],"about":[{"href":"https:\/\/did-dev.net\/mineddte\/wp-json\/wp\/v2\/types\/post"}],"author":[{"embeddable":true,"href":"https:\/\/did-dev.net\/mineddte\/wp-json\/wp\/v2\/users\/1"}],"replies":[{"embeddable":true,"href":"https:\/\/did-dev.net\/mineddte\/wp-json\/wp\/v2\/comments?post=3976"}],"version-history":[{"count":4,"href":"https:\/\/did-dev.net\/mineddte\/wp-json\/wp\/v2\/posts\/3976\/revisions"}],"predecessor-version":[{"id":4049,"href":"https:\/\/did-dev.net\/mineddte\/wp-json\/wp\/v2\/posts\/3976\/revisions\/4049"}],"wp:featuredmedia":[{"embeddable":true,"href":"https:\/\/did-dev.net\/mineddte\/wp-json\/wp\/v2\/media\/4045"}],"wp:attachment":[{"href":"https:\/\/did-dev.net\/mineddte\/wp-json\/wp\/v2\/media?parent=3976"}],"wp:term":[{"taxonomy":"category","embeddable":true,"href":"https:\/\/did-dev.net\/mineddte\/wp-json\/wp\/v2\/categories?post=3976"},{"taxonomy":"post_tag","embeddable":true,"href":"https:\/\/did-dev.net\/mineddte\/wp-json\/wp\/v2\/tags?post=3976"},{"taxonomy":"post_folder","embeddable":true,"href":"https:\/\/did-dev.net\/mineddte\/wp-json\/wp\/v2\/post_folder?post=3976"}],"curies":[{"name":"wp","href":"https:\/\/api.w.org\/{rel}","templated":true}]}}