{"id":3971,"date":"2022-09-24T08:33:46","date_gmt":"2022-09-24T08:33:46","guid":{"rendered":"https:\/\/did-dev.net\/mineddte\/?p=3971"},"modified":"2022-10-07T09:15:16","modified_gmt":"2022-10-07T09:15:16","slug":"cop27-sur-le-climat-20-experts-nationaux-outilles-sur-les-techniques-de-negociation","status":"publish","type":"post","link":"https:\/\/did-dev.net\/mineddte\/cop27-sur-le-climat-20-experts-nationaux-outilles-sur-les-techniques-de-negociation\/","title":{"rendered":"COP27 SUR LE CLIMAT : 20 EXPERTS NATIONAUX OUTILLES SUR LES TECHNIQUES DE NEGOCIATION"},"content":{"rendered":"<p style=\"text-align: justify;\"><span style=\"font-family: verdana, geneva, sans-serif;\"><img decoding=\"async\" loading=\"lazy\" class=\"size-full wp-image-4053 aligncenter\" src=\"https:\/\/did-dev.net\/mineddte\/wp-content\/uploads\/2022\/09\/COP27-scaled.jpg\" alt=\"\" width=\"2560\" height=\"1003\" srcset=\"https:\/\/did-dev.net\/mineddte\/wp-content\/uploads\/2022\/09\/COP27-scaled.jpg 2560w, https:\/\/did-dev.net\/mineddte\/wp-content\/uploads\/2022\/09\/COP27-262x103.jpg 262w, https:\/\/did-dev.net\/mineddte\/wp-content\/uploads\/2022\/09\/COP27-847x332.jpg 847w, https:\/\/did-dev.net\/mineddte\/wp-content\/uploads\/2022\/09\/COP27-100x39.jpg 100w, https:\/\/did-dev.net\/mineddte\/wp-content\/uploads\/2022\/09\/COP27-1536x602.jpg 1536w, https:\/\/did-dev.net\/mineddte\/wp-content\/uploads\/2022\/09\/COP27-2048x803.jpg 2048w\" sizes=\"(max-width: 2560px) 100vw, 2560px\" \/>Du 21 au 23 Septembre 2022, regroup\u00e9s dans un h\u00f4tel de Grand-Bassam, 20 experts nationaux, issus de divers secteurs, ont pris part \u00e0 un atelier de formation sur les techniques de n\u00e9gociation sur le climat.<\/span><\/p>\n<p style=\"text-align: justify;\"><span style=\"font-family: verdana, geneva, sans-serif;\">Cette activit\u00e9 qui s\u2019inscrit dans le cadre des pr\u00e9paratifs en vue d\u2019une participation r\u00e9ussi de la C\u00f4te d\u2019Ivoire \u00e0 la COP27 de Sharm El-Sheikh (Egypte) a \u00e9t\u00e9 pr\u00e9sid\u00e9e par monsieur KODEHI Gnahor\u00e9, Directeur de Cabinet Adjoint, repr\u00e9sentant le Ministre de l\u2019Environnement et du D\u00e9veloppement Durable (MINEDD).\u00a0<\/span><\/p>\n<p style=\"text-align: justify;\"><span style=\"font-family: verdana, geneva, sans-serif;\">Afin de permettre aux n\u00e9gociateurs ivoiriens de mieux d\u00e9fendre les choix et les positions de la C\u00f4te d\u2019Ivoire contenues dans ses nouvelles CDN, l\u2019atelier de formation des n\u00e9gociateurs s\u2019est articul\u00e9 autour de diff\u00e9rentes pr\u00e9sentations et d\u2019exercices pratiques de n\u00e9gociation. Les participants ont eu droit \u00e0 des \u00e9changes visant une meilleure compr\u00e9hension des objectifs \u00e0 atteindre.<\/span><\/p>\n<p style=\"text-align: justify;\"><span style=\"font-family: verdana, geneva, sans-serif;\">Ainsi, ceux-ci ont pu d\u00e9cortiquer l\u2019Accord de Paris, comprendre l\u2019ambition de 30,41% de r\u00e9duction de GES contenue dans la nouvelle strat\u00e9gie bas-carbone (CDN) de la C\u00f4te d\u2019Ivoire. En ce qui concerne le fonctionnement de la COP, ils ont vu leurs capacit\u00e9s renforc\u00e9es sur les diff\u00e9rents organes, les groupes th\u00e9matiques et groupes de n\u00e9gociations. Enfin, l\u2019\u00e9quipe de n\u00e9gociateurs de la COP27 a \u00e9t\u00e9 instruit sur les attentes et diff\u00e9rentes positions africaines, notamment celles de la C\u00f4te\u00a0d\u2019Ivoire.<\/span><\/p>\n<p style=\"text-align: justify;\"><span style=\"font-family: verdana, geneva, sans-serif;\">Par-dessus tout, rappelons les objectifs et la vision de la prochaine COP qui se d\u00e9roulera en Egypte. \u00ab Acc\u00e9l\u00e9rer l\u2019action climatique mondiale par la r\u00e9duction des \u00e9missions, l\u2019intensification des efforts d\u2019adaptation, l\u2019am\u00e9lioration des flux de financement appropri\u00e9s pour une transition juste \u00bb, selon Docteur ASSAMOI Eric, Point Focal de la Convention Cadre des Nations Unies sur les Changements Climatiques, par ailleurs Directeur de la Lutte contre les Changements Climatiques au MINEDD. \u00a0<\/span><\/p>\n","protected":false},"excerpt":{"rendered":"<p>Du 21 au 23 Septembre 2022, regroup\u00e9s dans un h\u00f4tel de Grand-Bassam, 20 experts nationaux, issus de divers secteurs, ont pris part \u00e0 un atelier de formation sur les techniques [&hellip;]<\/p>\n","protected":false},"author":1,"featured_media":4053,"comment_status":"closed","ping_status":"closed","sticky":false,"template":"","format":"standard","meta":{"_lmt_disableupdate":"no","_lmt_disable":"","pgc_sgb_lightbox_settings":""},"categories":[58],"tags":[],"post_folder":[59],"modified_by":"MINEDD","_links":{"self":[{"href":"https:\/\/did-dev.net\/mineddte\/wp-json\/wp\/v2\/posts\/3971"}],"collection":[{"href":"https:\/\/did-dev.net\/mineddte\/wp-json\/wp\/v2\/posts"}],"about":[{"href":"https:\/\/did-dev.net\/mineddte\/wp-json\/wp\/v2\/types\/post"}],"author":[{"embeddable":true,"href":"https:\/\/did-dev.net\/mineddte\/wp-json\/wp\/v2\/users\/1"}],"replies":[{"embeddable":true,"href":"https:\/\/did-dev.net\/mineddte\/wp-json\/wp\/v2\/comments?post=3971"}],"version-history":[{"count":2,"href":"https:\/\/did-dev.net\/mineddte\/wp-json\/wp\/v2\/posts\/3971\/revisions"}],"predecessor-version":[{"id":4055,"href":"https:\/\/did-dev.net\/mineddte\/wp-json\/wp\/v2\/posts\/3971\/revisions\/4055"}],"wp:featuredmedia":[{"embeddable":true,"href":"https:\/\/did-dev.net\/mineddte\/wp-json\/wp\/v2\/media\/4053"}],"wp:attachment":[{"href":"https:\/\/did-dev.net\/mineddte\/wp-json\/wp\/v2\/media?parent=3971"}],"wp:term":[{"taxonomy":"category","embeddable":true,"href":"https:\/\/did-dev.net\/mineddte\/wp-json\/wp\/v2\/categories?post=3971"},{"taxonomy":"post_tag","embeddable":true,"href":"https:\/\/did-dev.net\/mineddte\/wp-json\/wp\/v2\/tags?post=3971"},{"taxonomy":"post_folder","embeddable":true,"href":"https:\/\/did-dev.net\/mineddte\/wp-json\/wp\/v2\/post_folder?post=3971"}],"curies":[{"name":"wp","href":"https:\/\/api.w.org\/{rel}","templated":true}]}}