{"id":3968,"date":"2022-09-29T08:21:01","date_gmt":"2022-09-29T08:21:01","guid":{"rendered":"https:\/\/did-dev.net\/mineddte\/?p=3968"},"modified":"2022-10-10T09:48:20","modified_gmt":"2022-10-10T09:48:20","slug":"cop15-sur-la-biodiversite-les-acteurs-nationaux-identifient-les-priorites-et-attentes-de-la-cote-divoire","status":"publish","type":"post","link":"https:\/\/did-dev.net\/mineddte\/cop15-sur-la-biodiversite-les-acteurs-nationaux-identifient-les-priorites-et-attentes-de-la-cote-divoire\/","title":{"rendered":"COP15 SUR LA BIODIVERSITE : LES ACTEURS NATIONAUX IDENTIFIENT LES PRIORITES ET ATTENTES DE LA COTE D\u2019IVOIRE"},"content":{"rendered":"<p style=\"text-align: justify;\"><span style=\"font-family: verdana, geneva, sans-serif;\"><img decoding=\"async\" loading=\"lazy\" class=\"size-full wp-image-3969 aligncenter\" src=\"https:\/\/did-dev.net\/mineddte\/wp-content\/uploads\/2022\/10\/306087244_1059354188238737_1131484368150272701_n.jpg\" alt=\"\" width=\"1080\" height=\"720\" srcset=\"https:\/\/did-dev.net\/mineddte\/wp-content\/uploads\/2022\/10\/306087244_1059354188238737_1131484368150272701_n.jpg 1080w, https:\/\/did-dev.net\/mineddte\/wp-content\/uploads\/2022\/10\/306087244_1059354188238737_1131484368150272701_n-262x175.jpg 262w, https:\/\/did-dev.net\/mineddte\/wp-content\/uploads\/2022\/10\/306087244_1059354188238737_1131484368150272701_n-498x332.jpg 498w, https:\/\/did-dev.net\/mineddte\/wp-content\/uploads\/2022\/10\/306087244_1059354188238737_1131484368150272701_n-100x67.jpg 100w, https:\/\/did-dev.net\/mineddte\/wp-content\/uploads\/2022\/10\/306087244_1059354188238737_1131484368150272701_n-391x260.jpg 391w\" sizes=\"(max-width: 1080px) 100vw, 1080px\" \/><\/span><\/p>\n<p style=\"text-align: justify;\"><span style=\"font-family: verdana, geneva, sans-serif;\"><em>\u00ab Notre pays se pr\u00e9pare \u00e0 participer activement \u00e0 cette COP pour non seulement faire entendre sa voix mais aussi et surtout contribuer significativement \u00e0 obtenir un document de qualit\u00e9 pour la protection de la biodiversit\u00e9 mondiale d\u2019une part et nationale d\u2019autre part \u00bb<\/em>, a affirm\u00e9 le 28 septembre 2022, le Conseiller Technique Kouadio Georges, qui repr\u00e9sentait le Ministre de l\u2019Environnement et du D\u00e9veloppement Durable, \u00e0 l\u2019ouverture de l\u2019 atelier de consultation nationale sur le draft du cadre mondial post-2020 pour la diversit\u00e9 biologique.<\/span><\/p>\n<p style=\"text-align: justify;\"><span style=\"font-family: verdana, geneva, sans-serif;\">Cette consultation nationale des parties prenantes engag\u00e9es dans la pr\u00e9servation de la diversit\u00e9 biologique, est organis\u00e9e par le Minist\u00e8re de l\u2019Environnement et du D\u00e9veloppement Durable, en collaboration avec le Programme des Nations-Unies (PNUD). Elle a pour objectif de pr\u00e9parer la position de la C\u00f4te d\u2019Ivoire sur le cadre mondial post 2020 pour la Diversit\u00e9 Biologique \u00e0 travers le recueil des priorit\u00e9s des parties prenantes. In fine, cette position sera d\u00e9fendue par les n\u00e9gociateurs ivoiriens.<\/span><\/p>\n<p style=\"text-align: justify;\"><span style=\"font-family: verdana, geneva, sans-serif;\">Ce sont plus d\u2019une soixantaine d\u2019acteurs issus des minist\u00e8res techniques, des universit\u00e9s et centres de recherches, des repr\u00e9sentants de la Soci\u00e9t\u00e9 civile et des partenaires techniques et financiers qui vont analyser le draft du cadre mondial 2020 pour prendre en compte les priorit\u00e9s et les attentes nationales.<\/span><\/p>\n<p style=\"text-align: justify;\"><span style=\"font-family: verdana, geneva, sans-serif;\">L\u2019\u00e9missaire du Ministre, avant de d\u00e9clarer ouvert l\u2019atelier, a indiqu\u00e9 que la participation de la C\u00f4te d\u2019Ivoire \u00e0 cette COP se veut dynamique et fructueuse et a invit\u00e9 les participants \u00e0 s\u2019impliquer dans les travaux en cours.<\/span><\/p>\n<p style=\"text-align: justify;\"><span style=\"font-family: verdana, geneva, sans-serif;\">Mais qui peut participer \u00e0 la COP15 sur la Biodiversit\u00e9 qui se tiendra du 07 au 19 d\u00e9cembre 2022 \u00e0 Montr\u00e9al au Canada et selon quels crit\u00e8res ?<\/span><\/p>\n<p style=\"text-align: justify;\"><span style=\"font-family: verdana, geneva, sans-serif;\">Pour le Point Focal de la Convention des Nations Unies sur la diversit\u00e9 biologique, la participation \u00e0 cette COP est ouverte \u00e0 tous les acteurs du public, du priv\u00e9 et de la soci\u00e9t\u00e9 civile dont les activit\u00e9s sont en lien avec la biodiversit\u00e9. \u00ab Il faut d\u2019abord \u00eatre dans le domaine de la biodiversit\u00e9, ensuite avoir men\u00e9 des activit\u00e9s ou des contributions align\u00e9es sur la mise en \u0153uvre des th\u00e9matiques du cadre mondiale post-2020 \u00bb s\u2019est exprim\u00e9e Docteur Jeanne N\u2019TAIN, en faisant r\u00e9f\u00e9rence aux crit\u00e8res principaux dans l\u2019analyse des dossiers de participation.<\/span><\/p>\n<p style=\"text-align: justify;\"><span style=\"font-family: verdana, geneva, sans-serif;\">Il faut rappeler qu\u2019une s\u00e9ance d\u2019information et de consultation des parties prenantes nationales sur la participation de la C\u00f4te d\u2019Ivoire \u00e0 la COP 15 Biodiversit\u00e9 et ses Protocoles s\u2019est tenue le 09 septembre 2022. Suite \u00e0 cette activit\u00e9, diff\u00e9rents acteurs ont proc\u00e9d\u00e9 au d\u00e9p\u00f4t de leur dossier sur la base d\u2019une liste de pi\u00e8ces \u00e0 fournir.<\/span><\/p>\n<p style=\"text-align: justify;\"><span style=\"font-family: verdana, geneva, sans-serif;\">Par ailleurs, un comit\u00e9 a \u00e9t\u00e9 mis en place en vue du d\u00e9pouillement et de la validation des dossiers en s\u2019appuyant entre autres sur la constitution l\u00e9gale de l\u2019organisation, les connaissances des questions de biodiversit\u00e9 nationale, les activit\u00e9s men\u00e9es dans ce cadre, les raisons de leur participation \u00e0 la COP et un engagement \u00e0 revenir en C\u00f4te d\u2019Ivoire \u00e0 la fin de la COP.<\/span><\/p>\n<p style=\"text-align: justify;\"><span style=\"font-family: verdana, geneva, sans-serif;\"><em>\u00ab Aussi, convient-il d\u2019ajouter que le Minist\u00e8re ne prend pas en charge la participation des parties prenantes de la soci\u00e9t\u00e9 civile et du secteur priv\u00e9 aux diff\u00e9rentes COP \u00bb<\/em>, nous dira le Point focal.<\/span><\/p>\n<p style=\"text-align: justify;\"><span style=\"font-family: verdana, geneva, sans-serif;\"><em>\u00ab La d\u00e9l\u00e9gation retenue est repr\u00e9sentative de toutes les parties prenantes. J\u2019invite les diff\u00e9rents acteurs de la soci\u00e9t\u00e9 civile \u00e0 se rapprocher du minist\u00e8re et de nos services en vue d\u2019un accompagnement pour leur participation massive, lors des prochaines COP \u00bb<\/em> a-telle conclu.<\/span><\/p>\n","protected":false},"excerpt":{"rendered":"<p>\u00ab Notre pays se pr\u00e9pare \u00e0 participer activement \u00e0 cette COP pour non seulement faire entendre sa voix mais aussi et surtout contribuer significativement \u00e0 obtenir un document de qualit\u00e9 [&hellip;]<\/p>\n","protected":false},"author":1,"featured_media":4051,"comment_status":"closed","ping_status":"closed","sticky":false,"template":"","format":"standard","meta":{"_lmt_disableupdate":"no","_lmt_disable":"","pgc_sgb_lightbox_settings":""},"categories":[58],"tags":[],"post_folder":[59],"modified_by":"MINEDD","_links":{"self":[{"href":"https:\/\/did-dev.net\/mineddte\/wp-json\/wp\/v2\/posts\/3968"}],"collection":[{"href":"https:\/\/did-dev.net\/mineddte\/wp-json\/wp\/v2\/posts"}],"about":[{"href":"https:\/\/did-dev.net\/mineddte\/wp-json\/wp\/v2\/types\/post"}],"author":[{"embeddable":true,"href":"https:\/\/did-dev.net\/mineddte\/wp-json\/wp\/v2\/users\/1"}],"replies":[{"embeddable":true,"href":"https:\/\/did-dev.net\/mineddte\/wp-json\/wp\/v2\/comments?post=3968"}],"version-history":[{"count":2,"href":"https:\/\/did-dev.net\/mineddte\/wp-json\/wp\/v2\/posts\/3968\/revisions"}],"predecessor-version":[{"id":4052,"href":"https:\/\/did-dev.net\/mineddte\/wp-json\/wp\/v2\/posts\/3968\/revisions\/4052"}],"wp:featuredmedia":[{"embeddable":true,"href":"https:\/\/did-dev.net\/mineddte\/wp-json\/wp\/v2\/media\/4051"}],"wp:attachment":[{"href":"https:\/\/did-dev.net\/mineddte\/wp-json\/wp\/v2\/media?parent=3968"}],"wp:term":[{"taxonomy":"category","embeddable":true,"href":"https:\/\/did-dev.net\/mineddte\/wp-json\/wp\/v2\/categories?post=3968"},{"taxonomy":"post_tag","embeddable":true,"href":"https:\/\/did-dev.net\/mineddte\/wp-json\/wp\/v2\/tags?post=3968"},{"taxonomy":"post_folder","embeddable":true,"href":"https:\/\/did-dev.net\/mineddte\/wp-json\/wp\/v2\/post_folder?post=3968"}],"curies":[{"name":"wp","href":"https:\/\/api.w.org\/{rel}","templated":true}]}}