{"id":3965,"date":"2022-09-20T12:11:35","date_gmt":"2022-09-20T12:11:35","guid":{"rendered":"https:\/\/did-dev.net\/mineddte\/?p=3965"},"modified":"2022-10-10T09:47:55","modified_gmt":"2022-10-10T09:47:55","slug":"finance-climatique-la-cote-divoire-vise-25-milliards-de-dollars-usd-pour-la-mise-en-oeuvre-de-lagenda-2063-dixit-jean-luc-assi-a-new-york","status":"publish","type":"post","link":"https:\/\/did-dev.net\/mineddte\/finance-climatique-la-cote-divoire-vise-25-milliards-de-dollars-usd-pour-la-mise-en-oeuvre-de-lagenda-2063-dixit-jean-luc-assi-a-new-york\/","title":{"rendered":"FINANCE CLIMATIQUE : \u2018\u2019LA COTE D\u2019IVOIRE VISE 25 MILLIARDS DE DOLLARS USD POUR LA MISE EN \u0152UVRE DE L\u2019AGENDA 2063\u2019\u2019 DIXIT JEAN-LUC ASSI A NEW YORK"},"content":{"rendered":"<p style=\"text-align: justify;\"><span style=\"font-family: verdana, geneva, sans-serif;\"><img decoding=\"async\" loading=\"lazy\" class=\"size-full wp-image-4060 aligncenter\" src=\"https:\/\/did-dev.net\/mineddte\/wp-content\/uploads\/2022\/09\/FINANCE-CLIMAT-scaled.jpg\" alt=\"\" width=\"2560\" height=\"1003\" srcset=\"https:\/\/did-dev.net\/mineddte\/wp-content\/uploads\/2022\/09\/FINANCE-CLIMAT-scaled.jpg 2560w, https:\/\/did-dev.net\/mineddte\/wp-content\/uploads\/2022\/09\/FINANCE-CLIMAT-262x103.jpg 262w, https:\/\/did-dev.net\/mineddte\/wp-content\/uploads\/2022\/09\/FINANCE-CLIMAT-847x332.jpg 847w, https:\/\/did-dev.net\/mineddte\/wp-content\/uploads\/2022\/09\/FINANCE-CLIMAT-100x39.jpg 100w, https:\/\/did-dev.net\/mineddte\/wp-content\/uploads\/2022\/09\/FINANCE-CLIMAT-1536x602.jpg 1536w, https:\/\/did-dev.net\/mineddte\/wp-content\/uploads\/2022\/09\/FINANCE-CLIMAT-2048x803.jpg 2048w\" sizes=\"(max-width: 2560px) 100vw, 2560px\" \/>En mission aux Etats-Unis dans le cadre de la 77\u00e8me session de l&#8217;Assembl\u00e9e g\u00e9n\u00e9rale des Nations unies (AGNU), aux c\u00f4t\u00e9s du Pr\u00e9sident de la R\u00e9publique, Alassane OUATTARA, le ministre de l\u2019Environnement et du D\u00e9veloppement Durable a pr\u00e9sent\u00e9 les grands projets d\u2019investissement prioritaires de la C\u00f4te d\u2019Ivoire qui sont en lien avec la mise en \u0153uvre de l\u2019agenda 2063 des Nations Unies.<\/span><\/p>\n<p style=\"text-align: justify;\"><span style=\"font-family: verdana, geneva, sans-serif;\">C\u2019\u00e9tait le mardi 20 septembre 2022, en marge du dialogue entre les chefs d\u2019Etat et de Gouvernement africains et les investisseurs institutionnels sur le financement climatique.<\/span><\/p>\n<p style=\"text-align: justify;\"><span style=\"font-family: verdana, geneva, sans-serif;\">En citant la ratification de l\u2019accord de Paris sur le changement climatique et l\u2019adoption de l\u2019Agenda 2063 qui prend en compte les domaines prioritaires du changement climatique, le ministre ivoirien en charge de l\u2019environnement et du D\u00e9veloppement Durable a pr\u00e9cis\u00e9 que \u00ab la C\u00f4te d\u2019Ivoire, a inscrit l\u2019urgence climatique, comme une priorit\u00e9 dans la trajectoire de son d\u00e9veloppement \u00e9conomique et social. Elle a pris des engagements au niveau international et r\u00e9gional en coh\u00e9rence avec son Plan National de D\u00e9veloppement 2021-2025 \u00bb.<\/span><\/p>\n<p style=\"text-align: justify;\"><span style=\"font-family: verdana, geneva, sans-serif;\">Le ministre a donn\u00e9 l\u2019enveloppe vis\u00e9e pour le financement climatique de la C\u00f4te d\u2019Ivoire, tout en mettant un accent sur les secteurs prioritaires et le r\u00f4le cl\u00e9 du secteur priv\u00e9 dans cette mobilisation de financement. \u00ab Le financement global de la mise en \u0153uvre des CDN r\u00e9vis\u00e9es en incluant le Programme Initiative d\u2019Abidjan repr\u00e9sente une enveloppe budg\u00e9taire totale d\u2019environ vingt-quatre (24,5) milliards de dollars US \u00bb a-t-il d\u00e9clar\u00e9.<\/span><\/p>\n<p style=\"text-align: justify;\"><span style=\"font-family: verdana, geneva, sans-serif;\">Rappelons que le cinqui\u00e8me pilier du Plan National de D\u00e9veloppement (PND) du pays, \u00e0 l\u2019horizon 2021-2025 prend en compte la probl\u00e9matique de l\u2019urgence climatique, en ces termes \u00ab D\u00e9veloppement r\u00e9gional \u00e9quilibr\u00e9, la pr\u00e9servation de l&#8217;environnement et lutte contre le changement climatique \u00bb. A cet effet, une place importante est consacr\u00e9e aux Contributions D\u00e9termin\u00e9es au niveau National (CDN) et au Plan National d\u2019Adaptation, qui accompagne la C\u00f4te d\u2019Ivoire dans la mise en \u0153uvre de sa politique bas carbone.\u00a0<\/span><\/p>\n<p style=\"text-align: justify;\"><span style=\"font-family: verdana, geneva, sans-serif;\">Cette diplomatie environnementale pour la mobilisation de financement climatique a \u00e9t\u00e9 men\u00e9e en collaboration avec la ministre Nial\u00e9 KABA, du Plan et du D\u00e9veloppement.<\/span><\/p>\n","protected":false},"excerpt":{"rendered":"<p>En mission aux Etats-Unis dans le cadre de la 77\u00e8me session de l&#8217;Assembl\u00e9e g\u00e9n\u00e9rale des Nations unies (AGNU), aux c\u00f4t\u00e9s du Pr\u00e9sident de la R\u00e9publique, Alassane OUATTARA, le ministre de [&hellip;]<\/p>\n","protected":false},"author":1,"featured_media":4060,"comment_status":"closed","ping_status":"closed","sticky":false,"template":"","format":"standard","meta":{"_lmt_disableupdate":"no","_lmt_disable":"","pgc_sgb_lightbox_settings":""},"categories":[58],"tags":[],"post_folder":[59],"modified_by":"MINEDD","_links":{"self":[{"href":"https:\/\/did-dev.net\/mineddte\/wp-json\/wp\/v2\/posts\/3965"}],"collection":[{"href":"https:\/\/did-dev.net\/mineddte\/wp-json\/wp\/v2\/posts"}],"about":[{"href":"https:\/\/did-dev.net\/mineddte\/wp-json\/wp\/v2\/types\/post"}],"author":[{"embeddable":true,"href":"https:\/\/did-dev.net\/mineddte\/wp-json\/wp\/v2\/users\/1"}],"replies":[{"embeddable":true,"href":"https:\/\/did-dev.net\/mineddte\/wp-json\/wp\/v2\/comments?post=3965"}],"version-history":[{"count":2,"href":"https:\/\/did-dev.net\/mineddte\/wp-json\/wp\/v2\/posts\/3965\/revisions"}],"predecessor-version":[{"id":4061,"href":"https:\/\/did-dev.net\/mineddte\/wp-json\/wp\/v2\/posts\/3965\/revisions\/4061"}],"wp:featuredmedia":[{"embeddable":true,"href":"https:\/\/did-dev.net\/mineddte\/wp-json\/wp\/v2\/media\/4060"}],"wp:attachment":[{"href":"https:\/\/did-dev.net\/mineddte\/wp-json\/wp\/v2\/media?parent=3965"}],"wp:term":[{"taxonomy":"category","embeddable":true,"href":"https:\/\/did-dev.net\/mineddte\/wp-json\/wp\/v2\/categories?post=3965"},{"taxonomy":"post_tag","embeddable":true,"href":"https:\/\/did-dev.net\/mineddte\/wp-json\/wp\/v2\/tags?post=3965"},{"taxonomy":"post_folder","embeddable":true,"href":"https:\/\/did-dev.net\/mineddte\/wp-json\/wp\/v2\/post_folder?post=3965"}],"curies":[{"name":"wp","href":"https:\/\/api.w.org\/{rel}","templated":true}]}}