{"id":3962,"date":"2022-09-20T11:53:51","date_gmt":"2022-09-20T11:53:51","guid":{"rendered":"https:\/\/did-dev.net\/mineddte\/?p=3962"},"modified":"2022-10-10T09:49:13","modified_gmt":"2022-10-10T09:49:13","slug":"assemblee-generale-des-nations-unies-a-new-york-transition-energetique-juste-et-zero-dechets-dans-laction-climatique-jean-luc-assi-partage-lexperience-de-la-cote-divoire","status":"publish","type":"post","link":"https:\/\/did-dev.net\/mineddte\/assemblee-generale-des-nations-unies-a-new-york-transition-energetique-juste-et-zero-dechets-dans-laction-climatique-jean-luc-assi-partage-lexperience-de-la-cote-divoire\/","title":{"rendered":"ASSEMBLEE GENERALE DES NATIONS UNIES A NEW YORK \/ TRANSITION ENERGETIQUE JUSTE ET ZERO DECHETS DANS L\u2019ACTION CLIMATIQUE : JEAN-LUC ASSI PARTAGE L\u2019EXPERIENCE DE LA COTE D\u2019IVOIRE"},"content":{"rendered":"<p style=\"text-align: justify;\"><span style=\"font-family: verdana, geneva, sans-serif;\"><em><img decoding=\"async\" loading=\"lazy\" class=\"alignnone size-full wp-image-3963\" src=\"https:\/\/did-dev.net\/mineddte\/wp-content\/uploads\/2022\/10\/30n1.jpg\" alt=\"\" width=\"719\" height=\"540\" srcset=\"https:\/\/did-dev.net\/mineddte\/wp-content\/uploads\/2022\/10\/30n1.jpg 719w, https:\/\/did-dev.net\/mineddte\/wp-content\/uploads\/2022\/10\/30n1-262x197.jpg 262w, https:\/\/did-dev.net\/mineddte\/wp-content\/uploads\/2022\/10\/30n1-442x332.jpg 442w, https:\/\/did-dev.net\/mineddte\/wp-content\/uploads\/2022\/10\/30n1-100x75.jpg 100w\" sizes=\"(max-width: 719px) 100vw, 719px\" \/><\/em><\/span><\/p>\n<p style=\"text-align: justify;\"><span style=\"font-family: verdana, geneva, sans-serif;\">La C\u00f4te participe \u00e0 la 77\u00e8me session de l&#8217;Assembl\u00e9e g\u00e9n\u00e9rale des Nations unies (AGNU) qui a d\u00e9but\u00e9 au si\u00e8ge de l&#8217;organisation, \u00e0 New York, le 13 septembre 2022. Les \u00e9changes, cette ann\u00e9e, portent sur le th\u00e8me : \u00ab Un moment d\u00e9cisif : des solutions transformatrices face \u00e0 des d\u00e9fis interd\u00e9pendants \u00bb.<\/span><\/p>\n<p style=\"text-align: justify;\"><span style=\"font-family: verdana, geneva, sans-serif;\">Conduite par le Pr\u00e9sident de la R\u00e9publique, Alassane OUATTARA, la d\u00e9l\u00e9gation ivoirienne est tr\u00e8s active \u00e0 travers sa participation \u00e0 diff\u00e9rents sommets et rencontres de haut niveau qui se tiennent en marge du d\u00e9bat g\u00e9n\u00e9ral de cette 77e session.<\/span><\/p>\n<p style=\"text-align: justify;\"><span style=\"font-family: verdana, geneva, sans-serif;\">A l\u2019occasion de deux rencontres de haut niveau, le Ministre de l\u2019Environnement et du D\u00e9veloppement Durable, monsieur Jean-Luc ASSI, a partag\u00e9 l\u2019exp\u00e9rience de la C\u00f4te d\u2019Ivoire en mati\u00e8re de (1) transition \u00e9nerg\u00e9tique juste et \u00e9quitable et (2) de lutte contre les changements climatiques.<\/span><\/p>\n<p style=\"text-align: justify;\"><span style=\"font-family: verdana, geneva, sans-serif;\">La premi\u00e8re qui s\u2019est d\u00e9roul\u00e9e le mardi 20 septembre 2022, a \u00e9t\u00e9 Initi\u00e9 par madame Damilola OGUNBIYI, repr\u00e9sentante sp\u00e9ciale du secr\u00e9taire g\u00e9n\u00e9ral des Nations Unies pour l\u2019\u00e9nergie durable pour tous et CO pr\u00e9sidente d\u2019UN energy.<\/span><\/p>\n<p style=\"text-align: justify;\"><span style=\"font-family: verdana, geneva, sans-serif;\">Le Ministre Jean-Luc ASSI a fait une intervention sur le th\u00e8me \u00ab Elaboration d\u2019une transition \u00e9nerg\u00e9tique juste et \u00e9quitable dirig\u00e9e par l\u2019Afrique \u00bb.<\/span><\/p>\n<p style=\"text-align: justify;\"><span style=\"font-family: verdana, geneva, sans-serif;\">Cette tribune a permis au ministre de rappeler que la C\u00f4te d\u2019Ivoire est r\u00e9solument engag\u00e9e \u00e0 r\u00e9ussir sa transition \u00e9nerg\u00e9tique en s\u2019orientant vers les \u00e9nergies renouvelables et \u00e0 faire du gaz naturel, un carburant de transition, pour assurer sa vitalit\u00e9 \u00e9conomique et sa r\u00e9silience climatique.<\/span><\/p>\n<p style=\"text-align: justify;\"><span style=\"font-family: verdana, geneva, sans-serif;\">L\u2019atteinte d\u2019un tel objectif a pour r\u00e9f\u00e9rence les CDN r\u00e9vis\u00e9es, dont la C\u00f4te d\u2019Ivoire s\u2019est engag\u00e9e \u00e0 r\u00e9duire de 30,41% d\u2019ici 2030 les \u00e9missions de GES. S\u2019il est vrai que le secteur de l\u2019\u00e9nergie contribue \u00e0 environ 23,10% des \u00e9missions de GES, l\u2019\u00e9tablissement d\u2019un mix \u00e9nerg\u00e9tique avec une forte proportion d\u2019\u00e9nergies renouvelables de 45% d\u2019ici 2030 pourra inverser cette tendance, \u00e0 en croire Jean-Luc ASSI. Pour ce faire, le pays diversifie ses sources d\u2019\u00e9nergies renouvelables en se basant sur\u00a0 l\u2019hydro\u00e9lectricit\u00e9, le solaire photovolta\u00efque et la biomasse.<\/span><\/p>\n<p style=\"text-align: justify;\"><span style=\"font-family: verdana, geneva, sans-serif;\">En poursuivant, le ministre a pr\u00e9cis\u00e9 que \u00ab la ma\u00eetrise de la consommation \u00e9nerg\u00e9tique des syst\u00e8mes par une politique d&#8217;efficacit\u00e9 \u00e9nerg\u00e9tique volontariste incluant les Energies Renouvelables, le d\u00e9veloppement de la production d&#8217;\u00e9nergie \u00e0 partir de sources renouvelables \u00bb repr\u00e9sentent les initiatives ivoiriennes de r\u00e9duction des \u00e9missions du secteur \u00e9nerg\u00e9tique.<\/span><\/p>\n<p style=\"text-align: justify;\"><span style=\"font-family: verdana, geneva, sans-serif;\">Questionnant \u00ab Le r\u00f4le r\u00e9volutionnaire du z\u00e9ro d\u00e9chet dans l\u2019action climatique \u00bb, la deuxi\u00e8me activit\u00e9 a \u00e9t\u00e9 un \u00e9v\u00e8nement de haut niveau organis\u00e9, le 19 septembre 2022, par Ermine Erdogan, 1ere dame de Turquie. Il s\u2019agissait pour le ministre Jean-Luc ASSI de montrer les initiatives prises par la C\u00f4te d\u2019Ivoire pour mieux g\u00e9rer les \u00e9missions de GES issus des d\u00e9chets dans le cadre de la lutte contre les changements climatiques.<\/span><\/p>\n<p style=\"text-align: justify;\"><span style=\"font-family: verdana, geneva, sans-serif;\">Ainsi, il a cit\u00e9 les actions d\u00e9j\u00e0 men\u00e9s et dont les r\u00e9sultats obtenus sont des mod\u00e8les pour plusieurs pays. Ce sont le projet de Gestion des Pesticides Obsol\u00e8tes et d\u00e9chets associ\u00e9s (PROGEPCI), d\u00e9roul\u00e9 entre 2016 et 2021 et qui a permis d\u2019\u00e9liminer 320 tonnes de pesticides obsol\u00e8tes recens\u00e9s sur le territoire national, le projet de Gestion des Polychlorobiph\u00e9nyles (PCB) qui a permis d\u2019\u00e9lim\u00e9s 240 tonnes de PCB en 2017.<\/span><\/p>\n<p style=\"text-align: justify;\"><span style=\"font-family: verdana, geneva, sans-serif;\">Aussi, la question de la salubrit\u00e9 et du cadre de vie des populations demeure une pr\u00e9occupation pour le gouvernement. C\u2019est pourquoi, dira-t-il, la cr\u00e9ation du Centre d\u2019Enfouissement Technique des d\u00e9chets et la r\u00e9habilitation de la d\u00e9charge d\u2019Akou\u00e9do et la gestion de la baie lagunaire de Cocody, permettent de r\u00e9duire consid\u00e9rablement les \u00e9missions de GES du secteur d\u00e9chet. Ces projets sont ex\u00e9cut\u00e9s en C\u00f4te d\u2019Ivoire avec maestria, tout comme celui portant sur la Gestion rationnelle des Polluants Organiques Persistants Non Intentionnels (POPNI) et des PolyBromoDiph\u00e9nyls Ethers (PBDE) qui vise \u00e0 r\u00e9duire les \u00e9missions des POPs du secteur des d\u00e9chets industriels \u00bb.<\/span><\/p>\n<p style=\"text-align: justify;\"><span style=\"font-family: verdana, geneva, sans-serif;\"><em>\u00ab La C\u00f4te d\u2019Ivoire s\u2019engage dans cette vision du r\u00f4le r\u00e9volutionnaire z\u00e9ro d\u00e9chet dans l\u2019action climatique en vue de l\u2019atteinte de l\u2019ODD12 et assurer \u00e0 sa population la vie dans un environnement sain \u00bb<\/em> a conclu le Ministre ivoirien en charge de l\u2019environnement.<\/span><\/p>\n<p style=\"text-align: justify;\"><span style=\"font-family: verdana, geneva, sans-serif;\">Les 19 au 26 septembre 2022 repr\u00e9sentent la semaine de haut niveau de la 77e Assembl\u00e9e G\u00e9n\u00e9rale des Nations Unies. C\u2019est l\u2019occasion pour les chefs d\u2019Etat et de gouvernement, et d\u2019autres repr\u00e9sentants nationaux de haut niveau, de pr\u00e9senter leurs priorit\u00e9s et d\u2019\u00e9changer sur les grands enjeux mondiaux comme la guerre en Ukraine, la lutte contre les changements climatiques, la s\u00e9curit\u00e9 alimentaire, l\u2019acc\u00e8s \u00e0 l\u2019\u00e9ducation ou encore l\u2019\u00e9galit\u00e9 entre les femmes et les hommes.<\/span><\/p>\n","protected":false},"excerpt":{"rendered":"<p>La C\u00f4te participe \u00e0 la 77\u00e8me session de l&#8217;Assembl\u00e9e g\u00e9n\u00e9rale des Nations unies (AGNU) qui a d\u00e9but\u00e9 au si\u00e8ge de l&#8217;organisation, \u00e0 New York, le 13 septembre 2022. Les \u00e9changes, [&hellip;]<\/p>\n","protected":false},"author":1,"featured_media":3963,"comment_status":"closed","ping_status":"closed","sticky":false,"template":"","format":"standard","meta":{"_lmt_disableupdate":"no","_lmt_disable":"","pgc_sgb_lightbox_settings":""},"categories":[58],"tags":[],"post_folder":[59],"modified_by":"MINEDD","_links":{"self":[{"href":"https:\/\/did-dev.net\/mineddte\/wp-json\/wp\/v2\/posts\/3962"}],"collection":[{"href":"https:\/\/did-dev.net\/mineddte\/wp-json\/wp\/v2\/posts"}],"about":[{"href":"https:\/\/did-dev.net\/mineddte\/wp-json\/wp\/v2\/types\/post"}],"author":[{"embeddable":true,"href":"https:\/\/did-dev.net\/mineddte\/wp-json\/wp\/v2\/users\/1"}],"replies":[{"embeddable":true,"href":"https:\/\/did-dev.net\/mineddte\/wp-json\/wp\/v2\/comments?post=3962"}],"version-history":[{"count":1,"href":"https:\/\/did-dev.net\/mineddte\/wp-json\/wp\/v2\/posts\/3962\/revisions"}],"predecessor-version":[{"id":3964,"href":"https:\/\/did-dev.net\/mineddte\/wp-json\/wp\/v2\/posts\/3962\/revisions\/3964"}],"wp:featuredmedia":[{"embeddable":true,"href":"https:\/\/did-dev.net\/mineddte\/wp-json\/wp\/v2\/media\/3963"}],"wp:attachment":[{"href":"https:\/\/did-dev.net\/mineddte\/wp-json\/wp\/v2\/media?parent=3962"}],"wp:term":[{"taxonomy":"category","embeddable":true,"href":"https:\/\/did-dev.net\/mineddte\/wp-json\/wp\/v2\/categories?post=3962"},{"taxonomy":"post_tag","embeddable":true,"href":"https:\/\/did-dev.net\/mineddte\/wp-json\/wp\/v2\/tags?post=3962"},{"taxonomy":"post_folder","embeddable":true,"href":"https:\/\/did-dev.net\/mineddte\/wp-json\/wp\/v2\/post_folder?post=3962"}],"curies":[{"name":"wp","href":"https:\/\/api.w.org\/{rel}","templated":true}]}}