{"id":3959,"date":"2022-09-21T11:42:20","date_gmt":"2022-09-21T11:42:20","guid":{"rendered":"https:\/\/did-dev.net\/mineddte\/?p=3959"},"modified":"2022-10-07T09:15:50","modified_gmt":"2022-10-07T09:15:50","slug":"le-comite-technique-du-projet-upopci-dresse-le-bilan-des-activites","status":"publish","type":"post","link":"https:\/\/did-dev.net\/mineddte\/le-comite-technique-du-projet-upopci-dresse-le-bilan-des-activites\/","title":{"rendered":"LE COMITE TECHNIQUE DU PROJET UPOPCI DRESSE LE BILAN DES ACTIVITES"},"content":{"rendered":"<p style=\"text-align: justify;\"><span style=\"font-family: verdana, geneva, sans-serif;\"><em><img decoding=\"async\" loading=\"lazy\" class=\"size-full wp-image-4057 aligncenter\" src=\"https:\/\/did-dev.net\/mineddte\/wp-content\/uploads\/2022\/09\/UPOPCI-scaled.jpg\" alt=\"\" width=\"2560\" height=\"1003\" srcset=\"https:\/\/did-dev.net\/mineddte\/wp-content\/uploads\/2022\/09\/UPOPCI-scaled.jpg 2560w, https:\/\/did-dev.net\/mineddte\/wp-content\/uploads\/2022\/09\/UPOPCI-262x103.jpg 262w, https:\/\/did-dev.net\/mineddte\/wp-content\/uploads\/2022\/09\/UPOPCI-847x332.jpg 847w, https:\/\/did-dev.net\/mineddte\/wp-content\/uploads\/2022\/09\/UPOPCI-100x39.jpg 100w, https:\/\/did-dev.net\/mineddte\/wp-content\/uploads\/2022\/09\/UPOPCI-1536x602.jpg 1536w, https:\/\/did-dev.net\/mineddte\/wp-content\/uploads\/2022\/09\/UPOPCI-2048x803.jpg 2048w\" sizes=\"(max-width: 2560px) 100vw, 2560px\" \/>\u00ab En vue d\u2019assurer le suivi des r\u00e9sultats pr\u00e9vus dans la mise en \u0153uvre du projet et d\u00e9battus lors de la pr\u00e9c\u00e9dente r\u00e9union il parait n\u00e9cessaire de r\u00e9unir une fois encore l\u2019\u00e9quipe technique que vous composez \u00bb<\/em>, s\u2019exprimait monsieur Sidi Bra\u00efma DAGNOGO, Directeur G\u00e9n\u00e9ral de l\u2019Environnement, \u00e0 l\u2019occasion de la premi\u00e8re r\u00e9union pour l\u2019ann\u00e9e 2022 du Comit\u00e9 Consultatif Technique (CCT) du projet de Gestion rationnelle des polluants organiques persistants (POP) non intentionnels et des diph\u00e9nyles \u00e9thers poly brom\u00e9s (PBDE) pour r\u00e9duire leurs \u00e9missions du secteur des d\u00e9chets industriels.\u00a0<\/span><\/p>\n<p style=\"text-align: justify;\"><span style=\"font-family: verdana, geneva, sans-serif;\">R\u00e9unis \u00e0 la salle de conf\u00e9rence du Minist\u00e8re de l\u2019Environnement et du D\u00e9veloppement Durable (MINEDD), sise \u00e0 la Riviera Bonoumin, le mardi 20 septembre 2022, les membres du CCT ont analys\u00e9 le niveau d\u2019ex\u00e9cution des activit\u00e9s contenues dans le Plan de Travail Annuel (PTA) de 2022, les documents de gestion du projet, ainsi que le suivi des recommandations faites lors de la pr\u00e9c\u00e9dente r\u00e9union du comit\u00e9.<\/span><\/p>\n<p><span style=\"font-family: verdana, geneva, sans-serif;\">DAGNOGO Sidi Bra\u00efma, repr\u00e9sentant Monsieur le Ministre Jean Luc ASSI a salu\u00e9 la mobilisation des participants et les \u00e9changes lors des diff\u00e9rents points \u00e0 l\u2019ordre du jour.<\/span><\/p>\n<p style=\"text-align: justify;\"><span style=\"font-family: verdana, geneva, sans-serif;\">L\u2019\u00e9valuation des diff\u00e9rents taux d\u2019ex\u00e9cution administrative et financi\u00e8re ont atteint plus de 50%, selon Gustave BEDI, Coordonnateur du projet UPOP-CI. <em>\u00ab Cela montre la bonne \u00e9volution des activit\u00e9s men\u00e9es depuis le lancement du projet en 2020 \u00bb<\/em> a-t-il affirm\u00e9.<\/span><\/p>\n<p style=\"text-align: justify;\"><span style=\"font-family: verdana, geneva, sans-serif;\">Notons que le Comit\u00e9 Consultatif Technique se r\u00e9unit deux fois dans l\u2019ann\u00e9e et a pour objectif de suivre la bonne marche du projet. Les Polluants organiques Persistants contenus dans les DEEE et les rebuts de v\u00e9hicules en fin de vie repr\u00e9sentent un danger permanent qui s\u2019accroit chaque jour. Les risques li\u00e9s \u00e0 leur manipulation demeurent m\u00e9connus et touchent les aspects sanitaires et environnementaux. Il apparaissait donc important d\u2019\u00e9laborer une strat\u00e9gie afin d\u2019y faire face \u00e9cologiquement et rationnellement, \u00e0 en croire le Coordonnateur.<\/span><\/p>\n","protected":false},"excerpt":{"rendered":"<p>\u00ab En vue d\u2019assurer le suivi des r\u00e9sultats pr\u00e9vus dans la mise en \u0153uvre du projet et d\u00e9battus lors de la pr\u00e9c\u00e9dente r\u00e9union il parait n\u00e9cessaire de r\u00e9unir une fois [&hellip;]<\/p>\n","protected":false},"author":1,"featured_media":4057,"comment_status":"closed","ping_status":"closed","sticky":false,"template":"","format":"standard","meta":{"_lmt_disableupdate":"no","_lmt_disable":"","pgc_sgb_lightbox_settings":""},"categories":[58],"tags":[],"post_folder":[59],"modified_by":"MINEDD","_links":{"self":[{"href":"https:\/\/did-dev.net\/mineddte\/wp-json\/wp\/v2\/posts\/3959"}],"collection":[{"href":"https:\/\/did-dev.net\/mineddte\/wp-json\/wp\/v2\/posts"}],"about":[{"href":"https:\/\/did-dev.net\/mineddte\/wp-json\/wp\/v2\/types\/post"}],"author":[{"embeddable":true,"href":"https:\/\/did-dev.net\/mineddte\/wp-json\/wp\/v2\/users\/1"}],"replies":[{"embeddable":true,"href":"https:\/\/did-dev.net\/mineddte\/wp-json\/wp\/v2\/comments?post=3959"}],"version-history":[{"count":2,"href":"https:\/\/did-dev.net\/mineddte\/wp-json\/wp\/v2\/posts\/3959\/revisions"}],"predecessor-version":[{"id":4058,"href":"https:\/\/did-dev.net\/mineddte\/wp-json\/wp\/v2\/posts\/3959\/revisions\/4058"}],"wp:featuredmedia":[{"embeddable":true,"href":"https:\/\/did-dev.net\/mineddte\/wp-json\/wp\/v2\/media\/4057"}],"wp:attachment":[{"href":"https:\/\/did-dev.net\/mineddte\/wp-json\/wp\/v2\/media?parent=3959"}],"wp:term":[{"taxonomy":"category","embeddable":true,"href":"https:\/\/did-dev.net\/mineddte\/wp-json\/wp\/v2\/categories?post=3959"},{"taxonomy":"post_tag","embeddable":true,"href":"https:\/\/did-dev.net\/mineddte\/wp-json\/wp\/v2\/tags?post=3959"},{"taxonomy":"post_folder","embeddable":true,"href":"https:\/\/did-dev.net\/mineddte\/wp-json\/wp\/v2\/post_folder?post=3959"}],"curies":[{"name":"wp","href":"https:\/\/api.w.org\/{rel}","templated":true}]}}