{"id":3954,"date":"2022-09-15T17:17:00","date_gmt":"2022-09-15T17:17:00","guid":{"rendered":"https:\/\/did-dev.net\/mineddte\/?p=3954"},"modified":"2022-10-07T09:08:07","modified_gmt":"2022-10-07T09:08:07","slug":"cop-15-plus-de-55-000-pieces-de-materiels-et-dequipements-non-utilises-reintegres-dans-le-patrimoine-de-letat","status":"publish","type":"post","link":"https:\/\/did-dev.net\/mineddte\/cop-15-plus-de-55-000-pieces-de-materiels-et-dequipements-non-utilises-reintegres-dans-le-patrimoine-de-letat\/","title":{"rendered":"COP 15 : PLUS DE 55 000 PIECES DE MATERIELS ET D\u2019EQUIPEMENTS NON UTILISES REINTEGRES DANS LE PATRIMOINE DE L\u2019ETAT"},"content":{"rendered":"<p style=\"text-align: justify;\"><span style=\"font-family: verdana, geneva, sans-serif;\"><img decoding=\"async\" loading=\"lazy\" class=\"alignnone size-full wp-image-3955\" src=\"https:\/\/did-dev.net\/mineddte\/wp-content\/uploads\/2022\/10\/DEPART-3.jpeg\" alt=\"\" width=\"1080\" height=\"720\" srcset=\"https:\/\/did-dev.net\/mineddte\/wp-content\/uploads\/2022\/10\/DEPART-3.jpeg 1080w, https:\/\/did-dev.net\/mineddte\/wp-content\/uploads\/2022\/10\/DEPART-3-262x175.jpeg 262w, https:\/\/did-dev.net\/mineddte\/wp-content\/uploads\/2022\/10\/DEPART-3-498x332.jpeg 498w, https:\/\/did-dev.net\/mineddte\/wp-content\/uploads\/2022\/10\/DEPART-3-100x67.jpeg 100w, https:\/\/did-dev.net\/mineddte\/wp-content\/uploads\/2022\/10\/DEPART-3-391x260.jpeg 391w\" sizes=\"(max-width: 1080px) 100vw, 1080px\" \/><\/span><\/p>\n<p style=\"text-align: justify;\"><span style=\"font-family: verdana, geneva, sans-serif;\">Apr\u00e8s la tenue de la 15\u00e8me Conf\u00e9rence des Parties (COP 15) \u00e0 la Convention des Nations Unies sur la lutte Contre la D\u00e9sertification et la S\u00e9cheresse, du 9 au 20 mai 2022 \u00e0 Abidjan, ce sont plus de 55 000 pi\u00e8ces de mat\u00e9riels et d\u2019\u00e9quipements non utilis\u00e9s par le Comit\u00e9 d\u2019organisation qui ont \u00e9t\u00e9 mis \u00e0 la disposition du patrimoine de l\u2019\u00c9tat ivoirien.<\/span><\/p>\n<p style=\"text-align: justify;\"><span style=\"font-family: verdana, geneva, sans-serif;\">La remise de ces mat\u00e9riels et \u00e9quipements a fait l\u2019objet d\u2019une c\u00e9r\u00e9monie officielle, le jeudi 15 septembre 2022, \u00e0 Abidjan, en pr\u00e9sence des ministres Jean-Luc ASSI de l\u2019Environnement et du D\u00e9veloppement durable, Moussa SANOGO du Budget et du Portefeuille de l\u2019Etat, \u00c9piphane Zoro Bi Ballo de la Promotion de la bonne Gouvernance et de la Lutte contre la Corruption et du Pr\u00e9sident du Comit\u00e9 d\u2019Organisation de la COP 15, Abou Bamba.<\/span><\/p>\n<p style=\"text-align: justify;\"><span style=\"font-family: verdana, geneva, sans-serif;\">Pour le ministre Moussa SANOGO, \u00ab derri\u00e8re cette action apparemment banale et anodine, transparaissent une valeur fondamentale de la bonne gouvernance, la reddition de comptes et une vertu essentielle de la saine administration, la transparence dans la gestion de la comptabilit\u00e9 en la mati\u00e8re \u00bb.<\/span><\/p>\n<p style=\"text-align: justify;\"><span style=\"font-family: verdana, geneva, sans-serif;\">Il a f\u00e9licit\u00e9 le pr\u00e9sident du Comit\u00e9 d\u2019Organisation de la COP 15 et toutes ses \u00e9quipes pour cette initiative heureuse et pionni\u00e8re et encourag\u00e9 tous les responsables de projets \u00e0 en faire autant.<\/span><\/p>\n<p style=\"text-align: justify;\"><span style=\"font-family: verdana, geneva, sans-serif;\">\u00c9piphane Zoro Ballo a dit que cette c\u00e9r\u00e9monie, in\u00e9dite en C\u00f4te d\u2019Ivoire et dans l\u2019organisation des grands \u00e9v\u00e9nements, illustre la dynamique de la bonne gouvernance au niveau des composantes de l\u2019Etat. \u00ab L\u2019objectif de cette donation est d\u2019am\u00e9liorer les services de l\u2019\u00c9tat au profit des citoyens \u00bb, a-t-il expliqu\u00e9.<\/span><\/p>\n<p style=\"text-align: justify;\"><span style=\"font-family: verdana, geneva, sans-serif;\">Pour sa part, le ministre Jean-Luc Aussi a rappel\u00e9 que l\u2019organisation de la COP15 a eu des effets \u00e9conomiques importants pour la C\u00f4te d\u2019Ivoire, au-del\u00e0 de la parfaite organisation de cette rencontre mondiale.<\/span><\/p>\n<p style=\"text-align: justify;\"><span style=\"font-family: verdana, geneva, sans-serif;\">Il a encourag\u00e9 tous les Ivoiriens \u00e0 s\u2019approprier ce bond qualitatif en avant et il a assur\u00e9 que le gouvernement travaille \u00e0 la mise en \u0153uvre des recommandations de cette COP15. Notamment L\u2019Initiative d\u2019Abidjan, en vue d\u2019augmenter la production agricole.<\/span><\/p>\n","protected":false},"excerpt":{"rendered":"<p>Apr\u00e8s la tenue de la 15\u00e8me Conf\u00e9rence des Parties (COP 15) \u00e0 la Convention des Nations Unies sur la lutte Contre la D\u00e9sertification et la S\u00e9cheresse, du 9 au 20 [&hellip;]<\/p>\n","protected":false},"author":2,"featured_media":3955,"comment_status":"closed","ping_status":"closed","sticky":false,"template":"","format":"standard","meta":{"_lmt_disableupdate":"no","_lmt_disable":"","pgc_sgb_lightbox_settings":""},"categories":[58],"tags":[],"post_folder":[59],"modified_by":"MINEDD","_links":{"self":[{"href":"https:\/\/did-dev.net\/mineddte\/wp-json\/wp\/v2\/posts\/3954"}],"collection":[{"href":"https:\/\/did-dev.net\/mineddte\/wp-json\/wp\/v2\/posts"}],"about":[{"href":"https:\/\/did-dev.net\/mineddte\/wp-json\/wp\/v2\/types\/post"}],"author":[{"embeddable":true,"href":"https:\/\/did-dev.net\/mineddte\/wp-json\/wp\/v2\/users\/2"}],"replies":[{"embeddable":true,"href":"https:\/\/did-dev.net\/mineddte\/wp-json\/wp\/v2\/comments?post=3954"}],"version-history":[{"count":2,"href":"https:\/\/did-dev.net\/mineddte\/wp-json\/wp\/v2\/posts\/3954\/revisions"}],"predecessor-version":[{"id":3958,"href":"https:\/\/did-dev.net\/mineddte\/wp-json\/wp\/v2\/posts\/3954\/revisions\/3958"}],"wp:featuredmedia":[{"embeddable":true,"href":"https:\/\/did-dev.net\/mineddte\/wp-json\/wp\/v2\/media\/3955"}],"wp:attachment":[{"href":"https:\/\/did-dev.net\/mineddte\/wp-json\/wp\/v2\/media?parent=3954"}],"wp:term":[{"taxonomy":"category","embeddable":true,"href":"https:\/\/did-dev.net\/mineddte\/wp-json\/wp\/v2\/categories?post=3954"},{"taxonomy":"post_tag","embeddable":true,"href":"https:\/\/did-dev.net\/mineddte\/wp-json\/wp\/v2\/tags?post=3954"},{"taxonomy":"post_folder","embeddable":true,"href":"https:\/\/did-dev.net\/mineddte\/wp-json\/wp\/v2\/post_folder?post=3954"}],"curies":[{"name":"wp","href":"https:\/\/api.w.org\/{rel}","templated":true}]}}