{"id":3952,"date":"2022-08-30T11:07:28","date_gmt":"2022-08-30T11:07:28","guid":{"rendered":"https:\/\/did-dev.net\/mineddte\/?p=3952"},"modified":"2022-10-07T10:13:01","modified_gmt":"2022-10-07T10:13:01","slug":"participation-de-la-cote-divoire-a-la-semaine-africaine-du-climat-2022","status":"publish","type":"post","link":"https:\/\/did-dev.net\/mineddte\/participation-de-la-cote-divoire-a-la-semaine-africaine-du-climat-2022\/","title":{"rendered":"PARTICIPATION DE LA COTE D\u2019IVOIRE A LA SEMAINE AFRICAINE DU CLIMAT 2022"},"content":{"rendered":"<p style=\"text-align: justify;\"><span style=\"font-family: verdana, geneva, sans-serif;\"><img decoding=\"async\" loading=\"lazy\" class=\"alignnone size-full wp-image-4018\" src=\"https:\/\/did-dev.net\/mineddte\/wp-content\/uploads\/2022\/08\/Sans-titre-1.jpg\" alt=\"\" width=\"10004\" height=\"5204\" srcset=\"https:\/\/did-dev.net\/mineddte\/wp-content\/uploads\/2022\/08\/Sans-titre-1.jpg 10004w, https:\/\/did-dev.net\/mineddte\/wp-content\/uploads\/2022\/08\/Sans-titre-1-262x136.jpg 262w, https:\/\/did-dev.net\/mineddte\/wp-content\/uploads\/2022\/08\/Sans-titre-1-638x332.jpg 638w, https:\/\/did-dev.net\/mineddte\/wp-content\/uploads\/2022\/08\/Sans-titre-1-100x52.jpg 100w, https:\/\/did-dev.net\/mineddte\/wp-content\/uploads\/2022\/08\/Sans-titre-1-1536x799.jpg 1536w\" sizes=\"(max-width: 10004px) 100vw, 10004px\" \/>La Semaine africaine du climat (ACW) 2022 a d\u00e9but\u00e9 ce lundi 29 ao\u00fbt 2022 \u00e0 Libreville, au Gabon, pour discuter des menaces et des opportunit\u00e9s associ\u00e9es au changement climatique. Cette impulsion politique de haut niveau en faveur d&#8217;une collaboration sur le climat intervient quelques mois seulement avant que l&#8217;Afrique accueille la COP27 Conf\u00e9rence des Nations Unies sur les changements climatiques \u00e0 Charm el-Cheikh, en \u00c9gypte, en novembre.<\/span><\/p>\n<p style=\"text-align: justify;\"><span style=\"font-family: verdana, geneva, sans-serif;\">Lors de la c\u00e9r\u00e9monie d&#8217;ouverture, le pr\u00e9sident du Gabon, Ali Bongo Ondimba, a \u00e9t\u00e9 rejoint par des ministres et d&#8217;autres d\u00e9l\u00e9gu\u00e9s de 42 pays de toute l&#8217;Afrique et des responsables des principales agences onusiennes et multilat\u00e9rales.<\/span><\/p>\n<p style=\"text-align: justify;\"><span style=\"font-family: verdana, geneva, sans-serif;\">Le pr\u00e9sident gabonais, Ali Bongo Ondimba, a d\u00e9clar\u00e9 : \u00ab Dans moins de trois mois, la conf\u00e9rence des Nations Unies sur le changement climatique aura lieu \u00e0 Charm el-Cheikh, en \u00c9gypte. La COP27 est d\u00e9crite comme la COP de l&#8217;Afrique et fa\u00e7onnera de mani\u00e8re significative notre avenir. En tant que l&#8217;un des derniers grands \u00e9v\u00e9nements climatiques avant la COP27, la Semaine africaine du climat peut nous rassembler pour marcher sur la route de la COP27 avec un objectif commun et la d\u00e9termination d&#8217;un avenir meilleur. Je vous exhorte \u00e0 saisir cette opportunit\u00e9 pour travailler sur des solutions innovantes, concr\u00e8tes et durables et donner aux nations africaines les moyens de lutter avec succ\u00e8s contre le changement climatique \u00bb.<\/span><\/p>\n<p style=\"text-align: justify;\"><span style=\"font-family: verdana, geneva, sans-serif;\">Notre pays, la C\u00f4te d\u2019Ivoire, prend effectivement part \u00e0 cet important rendez-vous continental \u00e0 travers une d\u00e9l\u00e9gation conduite par Monsieur Parfait KOUADIO, Directeur de Cabinet, repr\u00e9sentant le Ministre de l\u2019Environnement et du D\u00e9veloppement Durable, Monsieur Jean-Luc ASSI.<\/span><\/p>\n<p style=\"text-align: justify;\"><span style=\"font-family: verdana, geneva, sans-serif;\">Aussi, \u00e0 l\u2019invitation de la Convention-Cadre des Nations Unies sur les Changements Climatiques (CCNUCC), de l\u2019Initiative pour la Transparence de l\u2019Action Climatique (ICAT) et du Programme des Nations Unies pour le D\u00e9veloppement (PNUD), le repr\u00e9sentant du Ministre en charge de l\u2019environnement a \u00e9galement pris part au Dialogue Africain sur le Cadre de Transparence Renforc\u00e9 (CTR), \u00e9l\u00e9ment cl\u00e9 de l&#8217;Accord de Paris en vertu de l&#8217;article 13, visant \u00e0 renforcer la confiance mutuelle et \u00e0 promouvoir une mise en \u0153uvre efficace. Cet \u00e9v\u00e8nement affili\u00e9 a vu la participation de plusieurs Ministres en charge de l\u2019environnement du continent (Gabon, Togo, Malawi, Cap-Vert, Ouganda\u2026), du Pr\u00e9sident de la CEEAC, du Conseiller Sp\u00e9cial du Pr\u00e9sident du Gabon, du Secr\u00e9taire ex\u00e9cutif adjoint de la CCNUCC, d\u2019institutions et agences r\u00e9gionales et internationales, d\u2019experts des Points Focaux Nationaux d\u00e9sign\u00e9s sur la Transparence.<\/span><\/p>\n<p style=\"text-align: justify;\"><span style=\"font-family: verdana, geneva, sans-serif;\">Ce fut l\u2019occasion pour Monsieur Parfait KOUADIO de partager l\u2019exp\u00e9rience de la C\u00f4te d\u2019Ivoire qui est engag\u00e9e sur cette th\u00e9matique depuis 2019, notamment \u00e0 travers le projet d\u2019Am\u00e9lioration du syst\u00e8me de transparence pour une action climatique renforc\u00e9e en C\u00f4te d\u2019Ivoire (CBIT-FEM) mis en \u0153uvre par le Programme National Changements Climatiques du MINEDD et financ\u00e9 par le Fonds pour l\u2019Environnement Mondial. Il a aussi rappel\u00e9 l\u2019engagement politique du Gouvernement ivoirien sur l\u2019action climatique se traduisant par l\u2019adh\u00e9sion de notre pays \u00e0 l\u2019Initiative pour la Transparence de l\u2019Action Climatique (ICAT) le 02 juin 2021.<\/span><\/p>\n<p style=\"text-align: justify;\"><span style=\"font-family: verdana, geneva, sans-serif;\">La d\u00e9l\u00e9gation conduite par le Directeur de Cabinet du Ministre en charge de l\u2019environnement est compos\u00e9e de monsieur Mohamed SANOGO, Coordonnateur du Programme National Changements Climatiques et Point Focal Transparence Climatique dans le cadre de l\u2019article 13 de l\u2019Accord de Paris, monsieur Fr\u00e9d\u00e9rick ZAPKA et monsieur Philippes KUMASSI, tous deux Sous-directeurs \u00e0 la Direction de Lutte contre les Changements Climatiques et respectivement Points Focaux NDC-Partnership et CTCN.<\/span><\/p>\n","protected":false},"excerpt":{"rendered":"<p>La Semaine africaine du climat (ACW) 2022 a d\u00e9but\u00e9 ce lundi 29 ao\u00fbt 2022 \u00e0 Libreville, au Gabon, pour discuter des menaces et des opportunit\u00e9s associ\u00e9es au changement climatique. Cette [&hellip;]<\/p>\n","protected":false},"author":1,"featured_media":4018,"comment_status":"closed","ping_status":"closed","sticky":false,"template":"","format":"standard","meta":{"_lmt_disableupdate":"no","_lmt_disable":"","pgc_sgb_lightbox_settings":""},"categories":[58],"tags":[],"post_folder":[59],"modified_by":"MINEDD","_links":{"self":[{"href":"https:\/\/did-dev.net\/mineddte\/wp-json\/wp\/v2\/posts\/3952"}],"collection":[{"href":"https:\/\/did-dev.net\/mineddte\/wp-json\/wp\/v2\/posts"}],"about":[{"href":"https:\/\/did-dev.net\/mineddte\/wp-json\/wp\/v2\/types\/post"}],"author":[{"embeddable":true,"href":"https:\/\/did-dev.net\/mineddte\/wp-json\/wp\/v2\/users\/1"}],"replies":[{"embeddable":true,"href":"https:\/\/did-dev.net\/mineddte\/wp-json\/wp\/v2\/comments?post=3952"}],"version-history":[{"count":2,"href":"https:\/\/did-dev.net\/mineddte\/wp-json\/wp\/v2\/posts\/3952\/revisions"}],"predecessor-version":[{"id":4019,"href":"https:\/\/did-dev.net\/mineddte\/wp-json\/wp\/v2\/posts\/3952\/revisions\/4019"}],"wp:featuredmedia":[{"embeddable":true,"href":"https:\/\/did-dev.net\/mineddte\/wp-json\/wp\/v2\/media\/4018"}],"wp:attachment":[{"href":"https:\/\/did-dev.net\/mineddte\/wp-json\/wp\/v2\/media?parent=3952"}],"wp:term":[{"taxonomy":"category","embeddable":true,"href":"https:\/\/did-dev.net\/mineddte\/wp-json\/wp\/v2\/categories?post=3952"},{"taxonomy":"post_tag","embeddable":true,"href":"https:\/\/did-dev.net\/mineddte\/wp-json\/wp\/v2\/tags?post=3952"},{"taxonomy":"post_folder","embeddable":true,"href":"https:\/\/did-dev.net\/mineddte\/wp-json\/wp\/v2\/post_folder?post=3952"}],"curies":[{"name":"wp","href":"https:\/\/api.w.org\/{rel}","templated":true}]}}