{"id":3944,"date":"2022-09-13T10:19:48","date_gmt":"2022-09-13T10:19:48","guid":{"rendered":"https:\/\/did-dev.net\/mineddte\/?p=3944"},"modified":"2022-10-07T09:32:23","modified_gmt":"2022-10-07T09:32:23","slug":"changement-climatique-le-minedd-initie-un-projet-pour-le-suivi-et-le-rapportage-des-cdn","status":"publish","type":"post","link":"https:\/\/did-dev.net\/mineddte\/changement-climatique-le-minedd-initie-un-projet-pour-le-suivi-et-le-rapportage-des-cdn\/","title":{"rendered":"CHANGEMENT CLIMATIQUE : LE MINEDD INITIE UN PROJET POUR LE SUIVI ET LE RAPPORTAGE DES CDN"},"content":{"rendered":"<p style=\"text-align: justify;\"><span style=\"font-family: verdana, geneva, sans-serif;\"><img decoding=\"async\" loading=\"lazy\" class=\"alignnone size-full wp-image-3950\" src=\"https:\/\/did-dev.net\/mineddte\/wp-content\/uploads\/2022\/08\/306844121_1046137799560376_6161094067710616415_n1.jpg\" alt=\"\" width=\"1080\" height=\"486\" srcset=\"https:\/\/did-dev.net\/mineddte\/wp-content\/uploads\/2022\/08\/306844121_1046137799560376_6161094067710616415_n1.jpg 1080w, https:\/\/did-dev.net\/mineddte\/wp-content\/uploads\/2022\/08\/306844121_1046137799560376_6161094067710616415_n1-262x118.jpg 262w, https:\/\/did-dev.net\/mineddte\/wp-content\/uploads\/2022\/08\/306844121_1046137799560376_6161094067710616415_n1-738x332.jpg 738w, https:\/\/did-dev.net\/mineddte\/wp-content\/uploads\/2022\/08\/306844121_1046137799560376_6161094067710616415_n1-100x45.jpg 100w\" sizes=\"(max-width: 1080px) 100vw, 1080px\" \/><\/span><\/p>\n<p><span style=\"font-family: verdana, geneva, sans-serif;\">Le 13 septembre \u00e0 Abidjan (CRRAE UMOA) les repr\u00e9sentants des principales parties prenantes responsables de la r\u00e9vision, la mesure et la mise en \u0153uvre des CDN ivoirienne, se sont rencontr\u00e9s dans le cadre de d\u2019un atelier de validation du projet \u00ab transition bas carbone de la cote d\u2019ivoire \u00bb<em>.<\/em><\/span><\/p>\n<p><span style=\"font-family: verdana, geneva, sans-serif;\">Repr\u00e9sentant le Ministre de l\u2019Environnement et du D\u00e9veloppement Durable (MINEDD), le Directeur de Cabinet Adjoint, KODEHI Gnahor\u00e9, a proc\u00e9d\u00e9 \u00e0 l\u2019ouverture de cette activit\u00e9. Ledit projet vise \u00e0 suivre la mise en \u0153uvre des nouvelles CDN r\u00e9vis\u00e9es et son rapportage, \u00e0 d\u00e9cliner et int\u00e9grer les strat\u00e9gies nationales climat dans les politiques nationales, transversales et sectorielles et \u00e0 mieux faire connaitre, aupr\u00e8s des populations, les enjeux li\u00e9s aux changements climatiques.<\/span><\/p>\n<p><span style=\"font-family: verdana, geneva, sans-serif;\"><em>\u00ab Pour assurer un suivi efficace de la mise en \u0153uvre de ces nouveaux engagements, il est imp\u00e9rieux d\u2019assoir un syst\u00e8me national de suivi \u00e9valuation qui int\u00e9grera en son sein toutes les initiatives sectorielles de suivi tant sur les actions d\u2019att\u00e9nuation que l\u2019adaptation \u00bb<\/em>, s\u2019est exprim\u00e9 le Directeur de Cabinet Adjoint, en pr\u00e9sence des repr\u00e9sentants de l\u2019Union Europ\u00e9enne, d\u2019Expertise France et du Directeur de la Direction de la Lutte contre les Changements Climatiques.<\/span><\/p>\n<p><span style=\"font-family: verdana, geneva, sans-serif;\">Pr\u00e9cisons qu\u2019il s\u2019agit pour le projet de faire le suivi, \u00e0 travers la coordination d\u2019un syst\u00e8me MRV en lien avec les CDN (syst\u00e8me de Mesure, Rapportage et V\u00e9rification). Cet outil permettra au Minist\u00e8re en charge de l\u2019Environnement de comptabiliser les acquis de toutes les initiatives climats et de mieux rendre compte au secr\u00e9tariat de la Convention Cadre des Nations Unies sur les Changements Climatiques (CCNUCC).<\/span><\/p>\n<p><span style=\"font-family: verdana, geneva, sans-serif;\">Il faut dire que la C\u00f4te d\u2019Ivoire a b\u00e9n\u00e9fici\u00e9 d\u2019un appui financier et technique de l\u2019Union Europ\u00e9enne et d\u2019Expertise France pour mettre en \u0153uvre le projet \u00ab Transition Bas Carbone &#8211; C\u00f4te-d\u2019Ivoire \u00bb.<\/span><\/p>\n","protected":false},"excerpt":{"rendered":"<p>Le 13 septembre \u00e0 Abidjan (CRRAE UMOA) les repr\u00e9sentants des principales parties prenantes responsables de la r\u00e9vision, la mesure et la mise en \u0153uvre des CDN ivoirienne, se sont rencontr\u00e9s [&hellip;]<\/p>\n","protected":false},"author":1,"featured_media":3950,"comment_status":"closed","ping_status":"closed","sticky":false,"template":"","format":"standard","meta":{"_lmt_disableupdate":"no","_lmt_disable":"","pgc_sgb_lightbox_settings":""},"categories":[58],"tags":[],"post_folder":[59],"modified_by":"MINEDD","_links":{"self":[{"href":"https:\/\/did-dev.net\/mineddte\/wp-json\/wp\/v2\/posts\/3944"}],"collection":[{"href":"https:\/\/did-dev.net\/mineddte\/wp-json\/wp\/v2\/posts"}],"about":[{"href":"https:\/\/did-dev.net\/mineddte\/wp-json\/wp\/v2\/types\/post"}],"author":[{"embeddable":true,"href":"https:\/\/did-dev.net\/mineddte\/wp-json\/wp\/v2\/users\/1"}],"replies":[{"embeddable":true,"href":"https:\/\/did-dev.net\/mineddte\/wp-json\/wp\/v2\/comments?post=3944"}],"version-history":[{"count":2,"href":"https:\/\/did-dev.net\/mineddte\/wp-json\/wp\/v2\/posts\/3944\/revisions"}],"predecessor-version":[{"id":3951,"href":"https:\/\/did-dev.net\/mineddte\/wp-json\/wp\/v2\/posts\/3944\/revisions\/3951"}],"wp:featuredmedia":[{"embeddable":true,"href":"https:\/\/did-dev.net\/mineddte\/wp-json\/wp\/v2\/media\/3950"}],"wp:attachment":[{"href":"https:\/\/did-dev.net\/mineddte\/wp-json\/wp\/v2\/media?parent=3944"}],"wp:term":[{"taxonomy":"category","embeddable":true,"href":"https:\/\/did-dev.net\/mineddte\/wp-json\/wp\/v2\/categories?post=3944"},{"taxonomy":"post_tag","embeddable":true,"href":"https:\/\/did-dev.net\/mineddte\/wp-json\/wp\/v2\/tags?post=3944"},{"taxonomy":"post_folder","embeddable":true,"href":"https:\/\/did-dev.net\/mineddte\/wp-json\/wp\/v2\/post_folder?post=3944"}],"curies":[{"name":"wp","href":"https:\/\/api.w.org\/{rel}","templated":true}]}}