{"id":3928,"date":"2022-09-16T00:09:00","date_gmt":"2022-09-16T00:09:00","guid":{"rendered":"https:\/\/did-dev.net\/mineddte\/?p=3928"},"modified":"2022-10-07T09:16:27","modified_gmt":"2022-10-07T09:16:27","slug":"journee-mondiale-de-lenvironnement-discours-du-ministre-2","status":"publish","type":"post","link":"https:\/\/did-dev.net\/mineddte\/journee-mondiale-de-lenvironnement-discours-du-ministre-2\/","title":{"rendered":"CELEBRATION DE LA JOURNEE MONDIALE DE LA PROTECTION DE LA COUCHE D\u2019OZONE"},"content":{"rendered":"<p><span style=\"font-family: verdana, geneva, sans-serif;\"><img decoding=\"async\" loading=\"lazy\" class=\"wp-image-3815 size-full\" src=\"https:\/\/did-dev.net\/mineddte\/wp-content\/uploads\/2022\/06\/Image-Article-JME-2022.jpeg\" alt=\"\" width=\"847\" height=\"332\" srcset=\"https:\/\/did-dev.net\/mineddte\/wp-content\/uploads\/2022\/06\/Image-Article-JME-2022.jpeg 847w, https:\/\/did-dev.net\/mineddte\/wp-content\/uploads\/2022\/06\/Image-Article-JME-2022-262x103.jpeg 262w, https:\/\/did-dev.net\/mineddte\/wp-content\/uploads\/2022\/06\/Image-Article-JME-2022-100x39.jpeg 100w\" sizes=\"(max-width: 847px) 100vw, 847px\" \/><\/span><\/p>\n<p dir=\"auto\"><span style=\"font-family: verdana, geneva, sans-serif;\">Ivoiriennes, Ivoiriens, Chers Compatriotes<\/span><\/p>\n<p dir=\"auto\"><span style=\"font-family: verdana, geneva, sans-serif;\">La C\u00f4te d\u2019Ivoire, \u00e0 l\u2019instar de la Communaut\u00e9 Internationale, c\u00e9l\u00e8bre le 16 septembre de chaque ann\u00e9e, la Journ\u00e9e Mondiale de l\u2019ozone, proclam\u00e9e par l\u2019Assembl\u00e9e G\u00e9n\u00e9rale des Nations Unies, dans sa r\u00e9solution 49\/114 adopt\u00e9e le 19 d\u00e9cembre 1994.<\/span><\/p>\n<p dir=\"auto\"><span style=\"font-family: verdana, geneva, sans-serif;\">Le th\u00e8me retenu cette ann\u00e9e est : \u00ab Protocole de Montr\u00e9al, 35 ANS : UNE COOP\u00c9RATION MONDIALE POUR PROT\u00c9GER LA VIE SUR TERRE \u00bb.<\/span><\/p>\n<p dir=\"auto\"><span style=\"font-family: verdana, geneva, sans-serif;\">Ce th\u00e8me met en \u00e9vidence l&#8217;influence et l&#8217;impact positif du Protocole de Montr\u00e9al sur la couche d&#8217;ozone et le climat au cours des 35 derni\u00e8res ann\u00e9es, mais aussi sur la nature et la biodiversit\u00e9, qui sont actuellement au centre de l&#8217;agenda international.<\/span><\/p>\n<p dir=\"auto\"><span style=\"font-family: verdana, geneva, sans-serif;\">A cette occasion, en qualit\u00e9 de Ministre de l\u2019Environnement et du D\u00e9veloppement Durable, il me revient de pr\u00e9senter les actions du Gouvernement en mati\u00e8re de protection de la Couche d\u2019Ozone et d\u2019informer la population sur la politique mise en \u0153uvre sous le leadership de son Excellence Monsieur Alassane OUATTARA, Pr\u00e9sident de la R\u00e9publique.<\/span><\/p>\n<p dir=\"auto\"><span style=\"font-family: verdana, geneva, sans-serif;\">Alors que nous sommes confront\u00e9s \u00e0 une triple crise environnementale &#8211; changement climatique, pollution et perte de la biodiversit\u00e9 &#8211; nous voulons souligner l&#8217;importance de la coop\u00e9ration et des partenariats mondiaux qui ont soutenu le succ\u00e8s du Protocole de Montr\u00e9al. Une coop\u00e9ration mondiale forte demeure essentielle dans nos efforts continus pour prot\u00e9ger la couche d&#8217;ozone et sauvegarder toute vie sur terre. En reconnaissance des avanc\u00e9es dans la protection de l\u2019environnement au cours des 35 derni\u00e8res ann\u00e9es, la comm\u00e9moration de la Journ\u00e9e Mondiale de l&#8217;Ozone 2022, en C\u00f4te d\u2019Ivoire, sera c\u00e9l\u00e9br\u00e9e \u00e0 Yamoussoukro.<\/span><\/p>\n<p dir=\"auto\"><span style=\"font-family: verdana, geneva, sans-serif;\">Les Etats ont \u00e9t\u00e9 invit\u00e9s \u00e0 consacrer cette journ\u00e9e sp\u00e9ciale pour renforcer la sensibilisation sur les objectifs du Protocole de Montr\u00e9al et ses amendements. La couche d\u2019ozone, fragile \u00e9cran de gaz, prot\u00e8ge la Terre des rayons dangereux du soleil, pr\u00e9servant ainsi la vie sur notre plan\u00e8te.<\/span><\/p>\n<p dir=\"auto\"><span style=\"font-family: verdana, geneva, sans-serif;\">Chers compatriotes et acteurs de la protection de l\u2019environnement<\/span><\/p>\n<p dir=\"auto\"><span style=\"font-family: verdana, geneva, sans-serif;\">La communaut\u00e9 internationale, sous les auspices du Programme des Nations Unies pour l\u2019Environnement (ONU-Environnement) a adopt\u00e9 la Convention de Vienne pour la protection de la couche d\u2019ozone, suivie par le Protocole de Montr\u00e9al relatif \u00e0 des substances qui appauvrissent la couche d\u2019ozone pour apporter une solution adapt\u00e9e et efficace.<\/span><\/p>\n<p dir=\"auto\"><span style=\"font-family: verdana, geneva, sans-serif;\">Ainsi, gr\u00e2ce \u00e0 cet engagement commun des Etats Parties au Protocole de Montr\u00e9al, la couche d\u2019ozone est en voie de gu\u00e9rison et devrait revenir \u00e0 ses valeurs d\u2019avant 1980 d\u2019ici le milieu du si\u00e8cle. Pour preuves, plus de 99% des substances appauvrissant la couche d\u2019ozone ont \u00e9t\u00e9 \u00e9limin\u00e9es et remplac\u00e9es par les alternatives, le trou dans la couche d\u2019ozone a diminu\u00e9, emp\u00eachant ainsi les dommages massifs \u00e0 la sant\u00e9 humaine et \u00e0 l\u2019environnement en g\u00e9n\u00e9ral.<\/span><\/p>\n<p dir=\"auto\"><span style=\"font-family: verdana, geneva, sans-serif;\">De plus, \u00e0 l\u2019appui du Protocole, l\u2019Amendement de Kigali, qui est entr\u00e9 en vigueur depuis le 1 er janvier 2019, s\u2019emploiera \u00e0 r\u00e9duire les r\u00e9frig\u00e9rants \u00e0 fort potentiel de r\u00e9chauffement climatique et pr\u00e9judiciables \u00e0 l\u2019environnement.<\/span><\/p>\n<p dir=\"auto\"><span style=\"font-family: verdana, geneva, sans-serif;\">Ivoiriennes, Ivoiriens<\/span><\/p>\n<p dir=\"auto\"><span style=\"font-family: verdana, geneva, sans-serif;\">Apr\u00e8s la ratification du Protocole de Montr\u00e9al relatif \u00e0 des substances qui appauvrissent la couche d\u2019ozone le 30 novembre 1992, notre pays a comme tous les autres Etats du monde entier, suivi le mouvement d\u2019ensemble pour la restauration et la protection de la couche d\u2019ozone.<\/span><\/p>\n<p dir=\"auto\"><span style=\"font-family: verdana, geneva, sans-serif;\">Sur le plan national, le Minist\u00e8re de l\u2019Environnement et du D\u00e9veloppement Durable, \u00e0 travers le Bureau National Ozone, a men\u00e9 avec succ\u00e8s plusieurs activit\u00e9s d\u2019\u00e9limination des substances appauvrissant la couche d\u2019ozone consomm\u00e9es en C\u00f4te d\u2019Ivoire. C\u2019est notamment les cas de certains fr\u00e9ons, utilis\u00e9s dans la production du froid, la fabrication de la mousse et les a\u00e9rosols qui ont \u00e9t\u00e9 \u00e9limin\u00e9s depuis le 1er janvier 2010, des halons pour l\u2019extinction des incendies en 2005, du bromure de m\u00e9thyle pour le traitement du cacao stock\u00e9 avant exportation en 2015.<\/span><\/p>\n<p dir=\"auto\"><span style=\"font-family: verdana, geneva, sans-serif;\">Ces r\u00e9sultats ont pu \u00eatre atteints gr\u00e2ce \u00e0 l\u2019appui financier du Fonds Multilat\u00e9ral de Montr\u00e9al \u00e0 notre pays. Le Gouvernement par ma voix adresse ses vifs remerciements au Fonds.<\/span><\/p>\n<p dir=\"auto\"><span style=\"font-family: verdana, geneva, sans-serif;\">Chers Concitoyens, La couche d\u2019ozone \u00e9tant un bien collectif, le th\u00e8me : \u00ab PROTOCOLE DE MONTR\u00c9AL, 35 ANS : UNE COOP\u00c9RATION MONDIALE POUR PROT\u00c9GER LA VIE SUR TERRE \u00bb, nous rappelle que non seulement l\u2019ozone est crucial pour la vie<\/span><\/p>\n<p dir=\"auto\"><span style=\"font-family: verdana, geneva, sans-serif;\">sur terre mais que nous devons continuer \u00e0 la prot\u00e9ger pour les g\u00e9n\u00e9rations futures.<\/span><\/p>\n<p dir=\"auto\"><span style=\"font-family: verdana, geneva, sans-serif;\">Je vous remercie.<\/span><\/p>\n","protected":false},"excerpt":{"rendered":"<p>Ivoiriennes, Ivoiriens, Chers Compatriotes La C\u00f4te d\u2019Ivoire, \u00e0 l\u2019instar de la Communaut\u00e9 Internationale, c\u00e9l\u00e8bre le 16 septembre de chaque ann\u00e9e, la Journ\u00e9e Mondiale de l\u2019ozone, proclam\u00e9e par l\u2019Assembl\u00e9e G\u00e9n\u00e9rale des [&hellip;]<\/p>\n","protected":false},"author":1,"featured_media":3815,"comment_status":"closed","ping_status":"closed","sticky":false,"template":"","format":"standard","meta":{"_lmt_disableupdate":"no","_lmt_disable":"","pgc_sgb_lightbox_settings":""},"categories":[58],"tags":[],"post_folder":[59],"modified_by":"MINEDD","_links":{"self":[{"href":"https:\/\/did-dev.net\/mineddte\/wp-json\/wp\/v2\/posts\/3928"}],"collection":[{"href":"https:\/\/did-dev.net\/mineddte\/wp-json\/wp\/v2\/posts"}],"about":[{"href":"https:\/\/did-dev.net\/mineddte\/wp-json\/wp\/v2\/types\/post"}],"author":[{"embeddable":true,"href":"https:\/\/did-dev.net\/mineddte\/wp-json\/wp\/v2\/users\/1"}],"replies":[{"embeddable":true,"href":"https:\/\/did-dev.net\/mineddte\/wp-json\/wp\/v2\/comments?post=3928"}],"version-history":[{"count":4,"href":"https:\/\/did-dev.net\/mineddte\/wp-json\/wp\/v2\/posts\/3928\/revisions"}],"predecessor-version":[{"id":3933,"href":"https:\/\/did-dev.net\/mineddte\/wp-json\/wp\/v2\/posts\/3928\/revisions\/3933"}],"wp:featuredmedia":[{"embeddable":true,"href":"https:\/\/did-dev.net\/mineddte\/wp-json\/wp\/v2\/media\/3815"}],"wp:attachment":[{"href":"https:\/\/did-dev.net\/mineddte\/wp-json\/wp\/v2\/media?parent=3928"}],"wp:term":[{"taxonomy":"category","embeddable":true,"href":"https:\/\/did-dev.net\/mineddte\/wp-json\/wp\/v2\/categories?post=3928"},{"taxonomy":"post_tag","embeddable":true,"href":"https:\/\/did-dev.net\/mineddte\/wp-json\/wp\/v2\/tags?post=3928"},{"taxonomy":"post_folder","embeddable":true,"href":"https:\/\/did-dev.net\/mineddte\/wp-json\/wp\/v2\/post_folder?post=3928"}],"curies":[{"name":"wp","href":"https:\/\/api.w.org\/{rel}","templated":true}]}}