{"id":3881,"date":"2022-08-12T16:43:42","date_gmt":"2022-08-12T16:43:42","guid":{"rendered":"https:\/\/did-dev.net\/mineddte\/?p=3881"},"modified":"2022-10-07T09:16:56","modified_gmt":"2022-10-07T09:16:56","slug":"projet-srie-avis-de-recrutement-de-consultants","status":"publish","type":"post","link":"https:\/\/did-dev.net\/mineddte\/projet-srie-avis-de-recrutement-de-consultants\/","title":{"rendered":"PROJET SRIE &#8211; AVIS DE RECRUTEMENT DE CONSULTANTS"},"content":{"rendered":"<p style=\"text-align: center;\"><img decoding=\"async\" loading=\"lazy\" class=\"wp-image-3882 size-full aligncenter\" src=\"https:\/\/did-dev.net\/mineddte\/wp-content\/uploads\/2022\/08\/Image-Article-OK.jpeg\" alt=\"\" width=\"847\" height=\"332\" srcset=\"https:\/\/did-dev.net\/mineddte\/wp-content\/uploads\/2022\/08\/Image-Article-OK.jpeg 847w, https:\/\/did-dev.net\/mineddte\/wp-content\/uploads\/2022\/08\/Image-Article-OK-262x103.jpeg 262w, https:\/\/did-dev.net\/mineddte\/wp-content\/uploads\/2022\/08\/Image-Article-OK-100x39.jpeg 100w\" sizes=\"(max-width: 847px) 100vw, 847px\" \/><\/p>\n<p style=\"text-align: justify;\"><span style=\"font-family: verdana, geneva, sans-serif;\">Le projet de Syst\u00e8me de Remont\u00e9e des Incidents Environnementaux est financ\u00e9 par l\u2019Etat de C\u00f4te d\u2019Ivoire et log\u00e9 au sein de la Direction de l\u2019Informatique et de la Documentation, Structure rattach\u00e9e au Cabinet du Minist\u00e8re de l\u2019Environnement et du D\u00e9veloppement Durable (MINEDD).<\/span><\/p>\n<p style=\"text-align: justify;\"><span style=\"font-family: verdana, geneva, sans-serif;\">L\u2019objectif de ce projet est de mettre en \u0153uvre un portail num\u00e9rique cross-plateforme essentiellement de saisine par la population ivoirienne, des probl\u00e8mes environnementaux et \u00e0 charge du Minist\u00e8re de l\u2019Environnement et du D\u00e9veloppement Durable, \u00e0 travers le d\u00e9ploiement \u00a0d\u2019une infrastructure R\u00e9seau incluant un Data Center, l\u2019impl\u00e9mentation d\u2019un syst\u00e8me de notifications, l\u2019installation d&#8217;un syst\u00e8me de sensibilisation par vid\u00e9os courtes, l\u2019\u00e9laboration \u00a0d&#8217;un plan de communication et l\u2019instauration du cadre juridique de fonctionnement du projet.<\/span><\/p>\n<p style=\"text-align: justify;\"><span style=\"font-family: verdana, geneva, sans-serif;\">A cet effet, le MINEDD, en sa qualit\u00e9 d\u2019agence d\u2019ex\u00e9cution du projet, sur une base comp\u00e9titive, lance le recrutement de :<\/span><\/p>\n<p style=\"text-align: justify;\"><span style=\"font-family: verdana, geneva, sans-serif;\">&#8211; UN (1) CONSULTANT RESEAU\u00a0;<\/span><\/p>\n<p style=\"text-align: justify;\"><span style=\"font-family: verdana, geneva, sans-serif;\">&#8211; UN (1) CONSULTANT APPLICATIFS\u00a0;<\/span><\/p>\n<p style=\"text-align: justify;\"><span style=\"font-family: verdana, geneva, sans-serif;\">&#8211; DEUX (2) CHARGES D\u2019ETUDES\u00a0;<\/span><\/p>\n<p style=\"text-align: justify;\"><span style=\"font-family: verdana, geneva, sans-serif;\">&#8211; UNE (1) ASSISTANTE DE DIRECTION\u00a0;<\/span><\/p>\n<p style=\"text-align: justify;\"><span style=\"font-family: verdana, geneva, sans-serif;\">&#8211; UN (1) CHARGE DE COMMUNICATION\u00a0;<\/span><\/p>\n<p style=\"text-align: justify;\"><span style=\"font-family: verdana, geneva, sans-serif;\">&#8211; UN (1) ASSISTANT DE COMMUNICATION.<\/span><\/p>\n<p style=\"text-align: justify;\"><span style=\"font-family: verdana, geneva, sans-serif;\">Les Termes De R\u00e9f\u00e9rence relatifs \u00e0 ces Postes peuvent \u00eatre obtenus ci-dessous\u00a0:<\/span><\/p>\n<p style=\"text-align: justify;\"><span style=\"font-family: verdana, geneva, sans-serif;\">1 : <span style=\"color: #0000ff;\"><a style=\"color: #0000ff;\" href=\"https:\/\/did-dev.net\/mineddte\/wp-content\/uploads\/2022\/08\/TDR-Consultant-Reseau-SRIE.pdf\" target=\"_blank\" rel=\"noopener\">TDR Consultant R\u00e9seau SRIE<\/a><\/span><\/span><\/p>\n<p style=\"text-align: justify;\"><span style=\"font-family: verdana, geneva, sans-serif;\">2 : <span style=\"color: #0000ff;\"><a style=\"color: #0000ff;\" href=\"https:\/\/did-dev.net\/mineddte\/wp-content\/uploads\/2022\/08\/TDR-Consultant-Applicatifs-SRIE.pdf\" target=\"_blank\" rel=\"noopener\">TDR Consultant Applicatifs SRIE<\/a><\/span><\/span><\/p>\n<p style=\"text-align: justify;\"><span style=\"font-family: verdana, geneva, sans-serif;\">3 : <span style=\"color: #0000ff;\"><a style=\"color: #0000ff;\" href=\"https:\/\/did-dev.net\/mineddte\/wp-content\/uploads\/2022\/08\/TDR-Charge-dEtudes-SRIE.pdf\" target=\"_blank\" rel=\"noopener\">TDR Charg\u00e9 d&#8217;Etudes SRIE<\/a><\/span><\/span><\/p>\n<p style=\"text-align: justify;\"><span style=\"font-family: verdana, geneva, sans-serif;\">4 : <span style=\"color: #0000ff;\"><a style=\"color: #0000ff;\" href=\"https:\/\/did-dev.net\/mineddte\/wp-content\/uploads\/2022\/08\/TDR-Assistante-de-Direction-SRIE.pdf\" target=\"_blank\" rel=\"noopener\">TDR Assistante de Direction SRIE<\/a><\/span><\/span><\/p>\n<p style=\"text-align: justify;\"><span style=\"font-family: verdana, geneva, sans-serif;\">5 : <span style=\"color: #0000ff;\"><a style=\"color: #0000ff;\" href=\"https:\/\/did-dev.net\/mineddte\/wp-content\/uploads\/2022\/08\/TDR-Charge-de-Communication-SRIE.pdf\" target=\"_blank\" rel=\"noopener\">TDR Charg\u00e9 de Communication SRIE<\/a><\/span><\/span><\/p>\n<p style=\"text-align: justify;\"><span style=\"font-family: verdana, geneva, sans-serif;\">6 : <span style=\"color: #0000ff;\"><a style=\"color: #0000ff;\" href=\"https:\/\/did-dev.net\/mineddte\/wp-content\/uploads\/2022\/08\/TDR-Assistant-de-Communication-SRIE.pdf\" target=\"_blank\" rel=\"noopener\">TDR Assistant de Communication SRIE<\/a><\/span><\/span><\/p>\n<p style=\"text-align: justify;\"><span style=\"font-family: verdana, geneva, sans-serif;\">Les candidatures doivent \u00eatre soumises au plus tard le <strong><u>24 AOUT 2022 A 16 HEURES 30 GMT<\/u><\/strong> par voie \u00e9lectronique\u00a0:<br \/>\n<span style=\"color: #0000ff;\">s.angan@environnement.gouv.ci<\/span>\u00a0\/ <span style=\"color: #0000ff;\">jc.kouassi@environnement.gouv.ci<\/span><br \/>\n<\/span><\/p>\n<p style=\"text-align: justify;\"><span style=\"font-family: verdana, geneva, sans-serif;\">ou sous plis ferm\u00e9 avec mention lisible du poste auquel le (la) candidat(e) soumissionne sur l\u2019enveloppe et d\u00e9pos\u00e9es \u00e0 l\u2019adresse suivante :<\/span><\/p>\n<p style=\"text-align: center;\"><span style=\"font-family: verdana, geneva, sans-serif;\"><strong><u>MINISTERE DE L\u2019ENVIRONNEMENT ET DU DEVELOPPEMENT DURABLE<\/u><\/strong><\/span><\/p>\n<p style=\"text-align: center;\"><span style=\"font-family: verdana, geneva, sans-serif;\"><strong><u>DIRECTION DE L\u2019INFORMATIQUE ET DE LA DOCUMENTATION <\/u><\/strong><\/span><\/p>\n<p style=\"text-align: center;\"><span style=\"font-family: verdana, geneva, sans-serif;\"><strong><u>RIVIERA BONOUMIN CARREFOUR 9 KM, RUE DU HAMEAU.<\/u><\/strong><\/span><\/p>\n<p style=\"text-align: center;\"><span style=\"font-family: verdana, geneva, sans-serif;\"><strong><u>TELEPHONE : 07 47 76 82 86\u00a0\/ 05 05 74 05 01<\/u><\/strong><\/span><\/p>\n","protected":false},"excerpt":{"rendered":"<p>Le projet de Syst\u00e8me de Remont\u00e9e des Incidents Environnementaux est financ\u00e9 par l\u2019Etat de C\u00f4te d\u2019Ivoire et log\u00e9 au sein de la Direction de l\u2019Informatique et de la Documentation, Structure [&hellip;]<\/p>\n","protected":false},"author":1,"featured_media":3882,"comment_status":"closed","ping_status":"closed","sticky":false,"template":"","format":"standard","meta":{"_lmt_disableupdate":"no","_lmt_disable":"","pgc_sgb_lightbox_settings":""},"categories":[58],"tags":[],"post_folder":[59],"modified_by":"MINEDD","_links":{"self":[{"href":"https:\/\/did-dev.net\/mineddte\/wp-json\/wp\/v2\/posts\/3881"}],"collection":[{"href":"https:\/\/did-dev.net\/mineddte\/wp-json\/wp\/v2\/posts"}],"about":[{"href":"https:\/\/did-dev.net\/mineddte\/wp-json\/wp\/v2\/types\/post"}],"author":[{"embeddable":true,"href":"https:\/\/did-dev.net\/mineddte\/wp-json\/wp\/v2\/users\/1"}],"replies":[{"embeddable":true,"href":"https:\/\/did-dev.net\/mineddte\/wp-json\/wp\/v2\/comments?post=3881"}],"version-history":[{"count":5,"href":"https:\/\/did-dev.net\/mineddte\/wp-json\/wp\/v2\/posts\/3881\/revisions"}],"predecessor-version":[{"id":3897,"href":"https:\/\/did-dev.net\/mineddte\/wp-json\/wp\/v2\/posts\/3881\/revisions\/3897"}],"wp:featuredmedia":[{"embeddable":true,"href":"https:\/\/did-dev.net\/mineddte\/wp-json\/wp\/v2\/media\/3882"}],"wp:attachment":[{"href":"https:\/\/did-dev.net\/mineddte\/wp-json\/wp\/v2\/media?parent=3881"}],"wp:term":[{"taxonomy":"category","embeddable":true,"href":"https:\/\/did-dev.net\/mineddte\/wp-json\/wp\/v2\/categories?post=3881"},{"taxonomy":"post_tag","embeddable":true,"href":"https:\/\/did-dev.net\/mineddte\/wp-json\/wp\/v2\/tags?post=3881"},{"taxonomy":"post_folder","embeddable":true,"href":"https:\/\/did-dev.net\/mineddte\/wp-json\/wp\/v2\/post_folder?post=3881"}],"curies":[{"name":"wp","href":"https:\/\/api.w.org\/{rel}","templated":true}]}}