{"id":3832,"date":"2022-06-18T12:18:20","date_gmt":"2022-06-18T12:18:20","guid":{"rendered":"https:\/\/did-dev.net\/mineddte\/?p=3832"},"modified":"2022-06-20T12:25:04","modified_gmt":"2022-06-20T12:25:04","slug":"qnedd-2022-excursion-a-dahlia-fleur","status":"publish","type":"post","link":"https:\/\/did-dev.net\/mineddte\/qnedd-2022-excursion-a-dahlia-fleur\/","title":{"rendered":"QNEDD 2022 : Excursion \u00e0 Dahlia Fleur"},"content":{"rendered":"<p style=\"text-align: center;\"><img decoding=\"async\" loading=\"lazy\" class=\"wp-image-3833 size-full aligncenter\" src=\"https:\/\/did-dev.net\/mineddte\/wp-content\/uploads\/2022\/06\/Image-Article-Fin-QNEDD-2022.jpeg\" alt=\"\" width=\"847\" height=\"332\" srcset=\"https:\/\/did-dev.net\/mineddte\/wp-content\/uploads\/2022\/06\/Image-Article-Fin-QNEDD-2022.jpeg 847w, https:\/\/did-dev.net\/mineddte\/wp-content\/uploads\/2022\/06\/Image-Article-Fin-QNEDD-2022-262x103.jpeg 262w, https:\/\/did-dev.net\/mineddte\/wp-content\/uploads\/2022\/06\/Image-Article-Fin-QNEDD-2022-100x39.jpeg 100w\" sizes=\"(max-width: 847px) 100vw, 847px\" \/><\/p>\n<p style=\"text-align: justify;\"><span style=\"font-family: verdana, geneva, sans-serif;\">Le Minist\u00e8re de l\u2019Environnement et du D\u00e9veloppement Durable (MINEDD) et le Programme des Nations Unies pour l\u2019Environnement (PNUE) ont organis\u00e9 une randonn\u00e9e \u00e9cologique \u00e0 la r\u00e9serve naturelle de Dahlia Fleur \u00e0 Abatta, dans la commune de Bingerville, ce samedi 18 juin 2022.<\/span><\/p>\n<p style=\"text-align: justify;\"><span style=\"font-family: verdana, geneva, sans-serif;\">Cette activit\u00e9 s\u2019inscrivait dans le cadre de la c\u00e9l\u00e9bration de la Quinzaine Nationale de l\u2019Environnement et du D\u00e9veloppement Durable (QNEDD) 2022 et visait \u00e0 sensibiliser les jeunes \u00e0 la protection de l\u2019environnement et \u00e0 la restauration des \u00e9cosyst\u00e8mes, dans la perspective de la lutte contre la triple crise environnementale\u00a0: changement climatique, pollution et perte de la biodiversit\u00e9.<\/span><\/p>\n<p style=\"text-align: justify;\"><span style=\"font-family: verdana, geneva, sans-serif;\">Une excursion en pleine nature qui aura permis aux experts du minist\u00e8re et de l\u2019Office Ivoirien des Parcs et R\u00e9serves (OIPR) d\u2019\u00e9changer avec les participants sur le niveau de d\u00e9gradation du couvert v\u00e9g\u00e9tal et de la biodiversit\u00e9, les actions entreprises et les progr\u00e8s r\u00e9alis\u00e9s durant ces derni\u00e8res ann\u00e9es en C\u00f4te d\u2019Ivoire.<\/span><\/p>\n<p style=\"text-align: justify;\"><span style=\"font-family: verdana, geneva, sans-serif;\">Selon monsieur KODEHI Gnahor\u00e9, Directeur de Cabinet Adjoint, repr\u00e9sentant le ministre de l\u2019Environnement et du D\u00e9veloppement Durable monsieur Jean-Luc ASSI, malgr\u00e9 nos avanc\u00e9es technologiques, nous d\u00e9pendons enti\u00e8rement d&#8217;\u00e9cosyst\u00e8mes sains et dynamiques pour nos besoins notamment en eau, en \u00e9nergie, en nourriture et en m\u00e9dicaments.<\/span><\/p>\n<p style=\"text-align: justify;\"><span style=\"font-family: verdana, geneva, sans-serif;\"><em>\u00ab\u00a0Nous sommes donc invit\u00e9s \u00e0 adopter des solutions qui pr\u00e9servent nos ressources naturelles, \u00e0 changer notre fa\u00e7on de voir et de valoriser la nature en mettant en exergue les\u00a0b\u00e9n\u00e9fices immenses qu\u2019elle nous offre\u00a0\u00bb<\/em> a-t-il invit\u00e9.<\/span><\/p>\n<p style=\"text-align: justify;\"><span style=\"font-family: verdana, geneva, sans-serif;\">La randonn\u00e9e a enregistr\u00e9 la participation des minist\u00e8res techniques, des partenaires techniques et financiers, des ONG, de la soci\u00e9t\u00e9 civile, des associations de jeunes et des \u00e9tudiants. Elle vient clore la c\u00e9l\u00e9bration de la Quinzaine Nationale de l\u2019Environnement et du D\u00e9veloppement Durable (QNEDD) \u00e9dition 2022, sous le th\u00e8me \u00ab\u00a0Notre Terre, notre Futur\u00a0\u00bb.<\/span><\/p>\n","protected":false},"excerpt":{"rendered":"<p>Le Minist\u00e8re de l\u2019Environnement et du D\u00e9veloppement Durable (MINEDD) et le Programme des Nations Unies pour l\u2019Environnement (PNUE) ont organis\u00e9 une randonn\u00e9e \u00e9cologique \u00e0 la r\u00e9serve naturelle de Dahlia Fleur [&hellip;]<\/p>\n","protected":false},"author":1,"featured_media":3833,"comment_status":"closed","ping_status":"closed","sticky":false,"template":"","format":"standard","meta":{"_lmt_disableupdate":"no","_lmt_disable":"","pgc_sgb_lightbox_settings":""},"categories":[58],"tags":[],"post_folder":[59],"modified_by":"MINEDD","_links":{"self":[{"href":"https:\/\/did-dev.net\/mineddte\/wp-json\/wp\/v2\/posts\/3832"}],"collection":[{"href":"https:\/\/did-dev.net\/mineddte\/wp-json\/wp\/v2\/posts"}],"about":[{"href":"https:\/\/did-dev.net\/mineddte\/wp-json\/wp\/v2\/types\/post"}],"author":[{"embeddable":true,"href":"https:\/\/did-dev.net\/mineddte\/wp-json\/wp\/v2\/users\/1"}],"replies":[{"embeddable":true,"href":"https:\/\/did-dev.net\/mineddte\/wp-json\/wp\/v2\/comments?post=3832"}],"version-history":[{"count":1,"href":"https:\/\/did-dev.net\/mineddte\/wp-json\/wp\/v2\/posts\/3832\/revisions"}],"predecessor-version":[{"id":3834,"href":"https:\/\/did-dev.net\/mineddte\/wp-json\/wp\/v2\/posts\/3832\/revisions\/3834"}],"wp:featuredmedia":[{"embeddable":true,"href":"https:\/\/did-dev.net\/mineddte\/wp-json\/wp\/v2\/media\/3833"}],"wp:attachment":[{"href":"https:\/\/did-dev.net\/mineddte\/wp-json\/wp\/v2\/media?parent=3832"}],"wp:term":[{"taxonomy":"category","embeddable":true,"href":"https:\/\/did-dev.net\/mineddte\/wp-json\/wp\/v2\/categories?post=3832"},{"taxonomy":"post_tag","embeddable":true,"href":"https:\/\/did-dev.net\/mineddte\/wp-json\/wp\/v2\/tags?post=3832"},{"taxonomy":"post_folder","embeddable":true,"href":"https:\/\/did-dev.net\/mineddte\/wp-json\/wp\/v2\/post_folder?post=3832"}],"curies":[{"name":"wp","href":"https:\/\/api.w.org\/{rel}","templated":true}]}}