{"id":3823,"date":"2022-06-15T05:45:05","date_gmt":"2022-06-15T05:45:05","guid":{"rendered":"https:\/\/did-dev.net\/mineddte\/?p=3823"},"modified":"2022-10-07T09:18:33","modified_gmt":"2022-10-07T09:18:33","slug":"pnd-2021-2025-jean-luc-assi-presente-les-grands-projets-du-secteur-de-lenvironnement-et-du-developpement-durable","status":"publish","type":"post","link":"https:\/\/did-dev.net\/mineddte\/pnd-2021-2025-jean-luc-assi-presente-les-grands-projets-du-secteur-de-lenvironnement-et-du-developpement-durable\/","title":{"rendered":"PND 2021-2025: Jean-Luc ASSI pr\u00e9sente les grands projets du secteur de l\u2019environnement et du d\u00e9veloppement durable"},"content":{"rendered":"<p style=\"text-align: center;\"><img decoding=\"async\" loading=\"lazy\" class=\"wp-image-3824 size-full aligncenter\" src=\"https:\/\/did-dev.net\/mineddte\/wp-content\/uploads\/2022\/06\/Image-Article-PND-2021-2025.jpeg\" alt=\"\" width=\"847\" height=\"332\" srcset=\"https:\/\/did-dev.net\/mineddte\/wp-content\/uploads\/2022\/06\/Image-Article-PND-2021-2025.jpeg 847w, https:\/\/did-dev.net\/mineddte\/wp-content\/uploads\/2022\/06\/Image-Article-PND-2021-2025-262x103.jpeg 262w, https:\/\/did-dev.net\/mineddte\/wp-content\/uploads\/2022\/06\/Image-Article-PND-2021-2025-100x39.jpeg 100w\" sizes=\"(max-width: 847px) 100vw, 847px\" \/><\/p>\n<p style=\"text-align: justify;\"><span style=\"font-family: verdana, geneva, sans-serif;\">Le ministre de l\u2019Environnement et du D\u00e9veloppement Durable, monsieur Jean-Luc ASSI a pr\u00e9sent\u00e9 au cours d\u2019un panel les opportunit\u00e9s d\u2019investissement et les grands projets du secteur de l\u2019environnement et du d\u00e9veloppement durable. C\u2019\u00e9tait ce mercredi 15 juin 2022, au Sofitel H\u00f4tel Ivoire Abidjan, en marge de la r\u00e9union du Groupe consultatif pour le financement du Plan National de D\u00e9veloppement (GCPND) 2021-2025.<\/span><\/p>\n<p style=\"text-align: justify;\"><span style=\"font-family: verdana, geneva, sans-serif;\">Selon Jean-Luc ASSI, la transformation industrielle par l\u2019installation d\u2019unit\u00e9s de transformation\u00a0; le d\u00e9veloppement d\u2019outillage technique\u00a0; l\u2019\u00e9cotourisme\u00a0; la r\u00e9silience urbaine\u00a0; l\u2019agriculture\u00a0; l\u2019agro industries et l\u2019acc\u00e8s \u00e0 l\u2019eau potable constituent des opportunit\u00e9s d\u2019investissement.<\/span><\/p>\n<p style=\"text-align: justify;\"><span style=\"font-family: verdana, geneva, sans-serif;\">Quant aux projets, on en d\u00e9nombre 12 que sont\u00a0: le projet \u00ab Gestion \u00e9cologiquement rationnelle des polluants organiques persistants (pop) et des polybromodiph\u00e9nyl\u00e9thers (PBDE) pour r\u00e9duire leurs \u00e9missions du secteur des d\u00e9chets industriels\u00a0; le Programme d\u2019Investissement Forestier (PIF)\u00a0; le projet de promotion de l&#8217;agriculture z\u00e9ro d\u00e9forestation dans les syst\u00e8mes de production du cacao pour r\u00e9duire les \u00e9missions (PROMIRE)\u00a0; le projet de R\u00e9duction des Emissions autour du Parc National de Ta\u00ef (PRE)\u00a0; le projet de Lutte contre les pollutions accidentelles par les hydrocarbures en milieux marin et lagunaire (POLLUMAR)\u00a0; le projet de conservation de la biodiversit\u00e9 dans le complexe Ta\u00ef-Gr\u00e9bo-Sapo\u00a0; le Projet de Gestion des D\u00e9chets Electroniques, Electriques et des Pneus usag\u00e9s\u00a0; l\u2019am\u00e9nagement et la valorisation touristiques des Parcs nationaux et R\u00e9serves Naturelles\u00a0; l\u2019ouverture de l\u2019embouchure du fleuve Como\u00e9 \u00e0 Grand-Bassam; l\u2019Investissement pour la R\u00e9silience des Zones C\u00f4ti\u00e8res Ouest-Africaines (WACA-ResIP); l\u2019assainissement et la R\u00e9silience Urbaine (PARU) et les approches de durabilit\u00e9 et de mise \u00e0 l`\u00e9chelle pour la transformation de la gestion, la restauration et la conservation des paysages forestiers et la biodiversit\u00e9 \u00bb SSAT \u2013 MARC FOLAB.<\/span><\/p>\n<p style=\"text-align: justify;\"><span style=\"font-family: verdana, geneva, sans-serif;\">La r\u00e9alisation de ces projets permettra \u00e0 la C\u00f4te d\u2019Ivoire de lutter efficacement contre les Changements Climatiques et la pr\u00e9servation de l\u2019environnement.<\/span><\/p>\n<p style=\"text-align: justify;\"><span style=\"font-family: verdana, geneva, sans-serif;\">Ce\u00a0 groupe consultatif vise \u00e0 partager la vision de la C\u00f4te d\u2019Ivoire contenue dans le PND avec tous les partenaires techniques et financiers et \u00e0 mobiliser les financements ext\u00e9rieurs publics et priv\u00e9s n\u00e9cessaires \u00e0 la mise en \u0153uvre dudit plan.<\/span><\/p>\n","protected":false},"excerpt":{"rendered":"<p>Le ministre de l\u2019Environnement et du D\u00e9veloppement Durable, monsieur Jean-Luc ASSI a pr\u00e9sent\u00e9 au cours d\u2019un panel les opportunit\u00e9s d\u2019investissement et les grands projets du secteur de l\u2019environnement et du [&hellip;]<\/p>\n","protected":false},"author":1,"featured_media":3824,"comment_status":"closed","ping_status":"closed","sticky":false,"template":"","format":"standard","meta":{"_lmt_disableupdate":"no","_lmt_disable":"","pgc_sgb_lightbox_settings":""},"categories":[58],"tags":[],"post_folder":[59],"modified_by":"MINEDD","_links":{"self":[{"href":"https:\/\/did-dev.net\/mineddte\/wp-json\/wp\/v2\/posts\/3823"}],"collection":[{"href":"https:\/\/did-dev.net\/mineddte\/wp-json\/wp\/v2\/posts"}],"about":[{"href":"https:\/\/did-dev.net\/mineddte\/wp-json\/wp\/v2\/types\/post"}],"author":[{"embeddable":true,"href":"https:\/\/did-dev.net\/mineddte\/wp-json\/wp\/v2\/users\/1"}],"replies":[{"embeddable":true,"href":"https:\/\/did-dev.net\/mineddte\/wp-json\/wp\/v2\/comments?post=3823"}],"version-history":[{"count":1,"href":"https:\/\/did-dev.net\/mineddte\/wp-json\/wp\/v2\/posts\/3823\/revisions"}],"predecessor-version":[{"id":3825,"href":"https:\/\/did-dev.net\/mineddte\/wp-json\/wp\/v2\/posts\/3823\/revisions\/3825"}],"wp:featuredmedia":[{"embeddable":true,"href":"https:\/\/did-dev.net\/mineddte\/wp-json\/wp\/v2\/media\/3824"}],"wp:attachment":[{"href":"https:\/\/did-dev.net\/mineddte\/wp-json\/wp\/v2\/media?parent=3823"}],"wp:term":[{"taxonomy":"category","embeddable":true,"href":"https:\/\/did-dev.net\/mineddte\/wp-json\/wp\/v2\/categories?post=3823"},{"taxonomy":"post_tag","embeddable":true,"href":"https:\/\/did-dev.net\/mineddte\/wp-json\/wp\/v2\/tags?post=3823"},{"taxonomy":"post_folder","embeddable":true,"href":"https:\/\/did-dev.net\/mineddte\/wp-json\/wp\/v2\/post_folder?post=3823"}],"curies":[{"name":"wp","href":"https:\/\/api.w.org\/{rel}","templated":true}]}}