{"id":3821,"date":"2022-06-17T06:00:06","date_gmt":"2022-06-17T06:00:06","guid":{"rendered":"https:\/\/did-dev.net\/mineddte\/?p=3821"},"modified":"2025-03-07T16:56:10","modified_gmt":"2025-03-07T16:56:10","slug":"journee-mondiale-sur-la-lutte-contre-la-desertification-2022-declaration-du-gouvernement-ivoirien","status":"publish","type":"post","link":"https:\/\/did-dev.net\/mineddte\/journee-mondiale-sur-la-lutte-contre-la-desertification-2022-declaration-du-gouvernement-ivoirien\/","title":{"rendered":"JOURNEE MONDIALE SUR LA LUTTE CONTRE LA DESERTIFICATION 2022, DECLARATION DU GOUVERNEMENT IVOIRIEN"},"content":{"rendered":"<p style=\"text-align: center;\"><img decoding=\"async\" loading=\"lazy\" class=\"wp-image-3819 size-full aligncenter\" src=\"https:\/\/did-dev.net\/mineddte\/wp-content\/uploads\/2022\/06\/Article-Images-JMO-2022.jpg\" alt=\"\" width=\"847\" height=\"332\" srcset=\"https:\/\/did-dev.net\/mineddte\/wp-content\/uploads\/2022\/06\/Article-Images-JMO-2022.jpg 847w, https:\/\/did-dev.net\/mineddte\/wp-content\/uploads\/2022\/06\/Article-Images-JMO-2022-262x103.jpg 262w, https:\/\/did-dev.net\/mineddte\/wp-content\/uploads\/2022\/06\/Article-Images-JMO-2022-100x39.jpg 100w\" sizes=\"(max-width: 847px) 100vw, 847px\" \/><\/p>\n<p style=\"text-align: justify;\"><span style=\"font-family: verdana, geneva, sans-serif;\"><strong>Chers compatriotes<\/strong><\/span><\/p>\n<p style=\"text-align: justify;\"><span style=\"font-family: verdana, geneva, sans-serif;\"><strong>Chers acteurs et amis de l\u2019environnement<\/strong><\/span><\/p>\n<p style=\"text-align: justify;\"><span style=\"font-family: verdana, geneva, sans-serif;\"><strong>Mesdames et Messieurs,<\/strong><\/span><\/p>\n<p style=\"text-align: justify;\"><span style=\"font-family: verdana, geneva, sans-serif;\">Le 17 juin 2022, quelques jours apr\u00e8s la COP15 qui s\u2019est tenue le mois dernier, \u00e0 l\u2019instar de tous les pays-parties \u00e0 travers le monde entier, la C\u00f4te d\u2019Ivoire notre pays, c\u00e9l\u00e8brera la Journ\u00e9e Mondiale de la Lutte contre la D\u00e9sertification et la S\u00e9cheresse. Cette Journ\u00e9e est pour la Convention des Nations Unies sur la Lutte Contre la D\u00e9sertification et la S\u00e9cheresse (UNCCD\/CNULCD) l\u2019occasion de faire une r\u00e9trospective des actions men\u00e9es depuis sa cr\u00e9ation, mais aussi, une vaste offensive m\u00e9diatique de proximit\u00e9 et de prise de conscience des populations des cons\u00e9quences d\u00e9sastreuses de ces fl\u00e9aux. Par ailleurs, cette Journ\u00e9e permet de communiquer largement et de\u00a0 sensibiliser sur les actions \u00e0 mener pour non seulement pr\u00e9server nos terres, mais aussi et surtout, les restaurer, quand malheureusement la d\u00e9gradation s\u2019est in\u00e9vitablement install\u00e9e et s\u00e9vit. \u00a0<\/span><\/p>\n<p style=\"text-align: justify;\"><span style=\"font-family: verdana, geneva, sans-serif;\">Cette ann\u00e9e le th\u00e8me de la Journ\u00e9e est\u00a0: \u00ab<strong><em>Tous Ensemble pour Vaincre la S\u00e9cheresse\u00a0<\/em><\/strong>\u00bb. La s\u00e9cheresse est un ph\u00e9nom\u00e8ne naturel apparaissant dans toutes les r\u00e9gions du monde et particuli\u00e8rement en Afrique. Elle est li\u00e9e \u00e0 un manque ou une baisse de la pluviom\u00e9trie dans une r\u00e9gion donn\u00e9e.<\/span><\/p>\n<p style=\"text-align: justify;\"><span style=\"font-family: verdana, geneva, sans-serif;\"><strong>Mes Chers compatriotes,<\/strong><\/span><\/p>\n<p style=\"text-align: justify;\"><span style=\"font-family: verdana, geneva, sans-serif;\">Ce n\u2019est un secret pour personne, La s\u00e9cheresse est l&#8217;une des catastrophes naturelles les plus destructrices en termes de pertes de vies humaines dues \u00e0 ses cons\u00e9quences, telles que les mauvaises r\u00e9coltes \u00e0 grande \u00e9chelle, les incendies de for\u00eat, m\u00eame de villages et des r\u00e9coltes. Exacerb\u00e9es par la d\u00e9gradation des sols et le changement climatique, les s\u00e9cheresses sont de plus en plus fr\u00e9quentes et s\u00e9v\u00e8res, avec une augmentation de 29 % depuis 2000, et 55 millions de personnes touch\u00e9es chaque ann\u00e9e selon les experts des Nations Unies.<\/span><\/p>\n<p style=\"text-align: justify;\"><span style=\"font-family: verdana, geneva, sans-serif;\">D&#8217;ici 2050, selon ces experts, les s\u00e9cheresses pourraient toucher les trois quarts de la population mondiale. Selon M. Ibrahim Thiaw \u00a0Secr\u00e9taire Ex\u00e9cutif de l\u2019UNCCD, \u00ab les r\u00e9centes s\u00e9cheresses laissent pr\u00e9sager un avenir pr\u00e9caire pour le monde. Les p\u00e9nuries de nourriture et d&#8217;eau ainsi que les incendies de for\u00eat caus\u00e9s par la s\u00e9cheresse s\u00e9v\u00e8re se sont tous intensifi\u00e9s ces derni\u00e8res ann\u00e9es. \u00bb<\/span><\/p>\n<p style=\"text-align: justify;\"><span style=\"font-family: verdana, geneva, sans-serif;\">Il s&#8217;agit donc d&#8217;un probl\u00e8me mondial auquel il faut urgemment et vigoureusement faire face.<\/span><\/p>\n<p style=\"text-align: justify;\"><span style=\"font-family: verdana, geneva, sans-serif;\">Le th\u00e8me de cette ann\u00e9e\u00a0:\u00ab<strong><em>Tous Ensemble pour Vaincre la S\u00e9cheresse\u00a0<\/em><\/strong>\u00bb, est une sonnette d\u2019alarme que tire la convention, car la s\u00e9cheresse provoque in\u00e9vitablement la d\u00e9sertification, le changement climatique et les cons\u00e9quences n\u00e9fastes qui en d\u00e9coulent. La probl\u00e9matique de la d\u00e9sertification, entendez par l\u00e0, la d\u00e9gradation des terres, est de nos jours une pr\u00e9occupation majeure dans le monde entier. En effet, malgr\u00e9 les efforts consentis par la Convention des Nations Unies sur la lutte contre la d\u00e9sertification et les gouvernements en vue d\u2019enrayer ce fl\u00e9au, la situation ne fait que s\u2019empirer sur toute la plan\u00e8te. \u00c0 l&#8217;\u00e9chelle mondiale, 30% de toutes les terres ont perdu leur vraie valeur en raison de leur d\u00e9gradation. Comment pouvons-nous r\u00e9pondre \u00e0 nos besoins les plus \u00e9l\u00e9mentaires et prioritaires \u00a0&#8211; et encore moins \u00e0 nos d\u00e9sirs &#8211; quand la quantit\u00e9 de terres saines et productives diminue si radicalement ?<\/span><\/p>\n<p style=\"text-align: justify;\"><span style=\"font-family: verdana, geneva, sans-serif;\">La d\u00e9gradation des terres est un r\u00e9el danger pour les populations, pour la s\u00e9curit\u00e9 alimentaire et aussi pour la paix et la stabilit\u00e9 dans le monde. Lorsque la s\u00e9cheresse survient, les terres cessent d\u2019\u00eatre productives, les populations sont souvent contraintes \u00e0 des migrations, \u00e0 l\u2019int\u00e9rieur de leur pays et m\u00eame au-del\u00e0 des fronti\u00e8res nationales. Elles vont s\u2019installer dans des zones urbaines mais surtout dans des zones encore propices aux activit\u00e9s agricoles. Ces zones d\u2019accueil du fait de la croissance d\u00e9mographique, connaissent indubitablement une pression fonci\u00e8re. Il en r\u00e9sulte des conflits intercommunautaires aux cons\u00e9quences incalculables. Par ailleurs, nos parcs et r\u00e9serves sont \u00a0infiltr\u00e9s par ces migrants. A l\u2019insu des autorit\u00e9s en charge de leur protection, ils deviennent des terres d\u2019accueil o\u00f9 se d\u00e9veloppent diverses activit\u00e9s notamment l\u2019agriculture. Ces infiltr\u00e9s d\u00e9truisent ces pr\u00e9cieux patrimoines pour lesquels l\u2019Etat et certains partenaires ont tant investi.<\/span><\/p>\n<p style=\"text-align: justify;\"><span style=\"font-family: verdana, geneva, sans-serif;\">Les cons\u00e9quences de ce fl\u00e9au sont tout autant nombreuses que d\u00e9sastreuses.<\/span><\/p>\n<p style=\"text-align: justify;\"><span style=\"font-family: verdana, geneva, sans-serif;\">C\u2019est pourquoi, par ce th\u00e8me, \u00ab<strong><em>Tous Ensemble pour Vaincre la S\u00e9cheresse\u00a0<\/em><\/strong>\u00bb,<\/span><\/p>\n<p style=\"text-align: justify;\"><span style=\"font-family: verdana, geneva, sans-serif;\">la Convention sur la lutte contre la D\u00e9sertification et la s\u00e9cheresse, veut sonner la mobilisation de la plan\u00e8te enti\u00e8re \u00e0 faire face \u00e0 ce fl\u00e9au qui affecte le bien-\u00eatre des populations et contrarie le d\u00e9veloppement \u00e9conomique et social de nos pays.<\/span><\/p>\n<p style=\"text-align: justify;\"><span style=\"font-family: verdana, geneva, sans-serif;\">La terre est un bien pr\u00e9cieux \u00e0 prot\u00e9ger non seulement pour nous, mais aussi et surtout pour les g\u00e9n\u00e9rations futures, c\u2019est-\u00e0-dire nos enfants, petits-enfants et arri\u00e8re-petits-enfants en faisant barrage \u00e0 la s\u00e9cheresse et \u00e0 ses cons\u00e9quences.<\/span><\/p>\n<p style=\"text-align: justify;\"><span style=\"font-family: verdana, geneva, sans-serif;\"><strong>Mesdames et Messieurs,<\/strong><\/span><\/p>\n<p style=\"text-align: justify;\"><span style=\"font-family: verdana, geneva, sans-serif;\">La C\u00f4te d\u2019Ivoire, notre pays, bien que tr\u00e8s arros\u00e9e puisque situ\u00e9e en zone tropicale humide, la s\u00e9cheresse qui affecte de nombreux pays d&#8217;Afrique de l&#8217;Ouest s&#8217;y fait \u00e9galement ressentir. Selon la SODEXAM, l\u2019analyse des hauteurs des pr\u00e9cipitations annuelles par rapport \u00e0 la normale 1971-2000 a montr\u00e9 que les ann\u00e9es 70 ont connu une situation variable marqu\u00e9e par une tendance s\u00e8che. A partir des ann\u00e9es 80 jusqu\u2019en 2000, la C\u00f4te d\u2019Ivoire a connu une longue p\u00e9riode de d\u00e9ficit pluviom\u00e9trique d\u2019environ 3% par rapport \u00e0 la normale 1971-2000, avec des p\u00e9riodes de forte s\u00e9cheresse notamment en 1983 et 1998 avec des baisses respectives de 15% et 11% par rapport \u00e0 la m\u00eame normale. Environ 17% des r\u00e9gions ont subi les effets de s\u00e9cheresse entre 1981 et 2000.<\/span><\/p>\n<p style=\"text-align: justify;\"><span style=\"font-family: verdana, geneva, sans-serif;\">L\u2019agriculture de notre pays \u00e9tant de type pluvial, elle est donc fortement tributaire des conditions climatiques, d\u2019o\u00f9 sa vuln\u00e9rabilit\u00e9 face \u00e0 la s\u00e9cheresse.<\/span><\/p>\n<p style=\"text-align: justify;\"><span style=\"font-family: verdana, geneva, sans-serif;\">La s\u00e9curit\u00e9 alimentaire se voit menac\u00e9e voire compromise dans certaines r\u00e9gions du pays. L\u2019\u00e9conomie de la C\u00f4te d\u2019Ivoire qui repose essentiellement sur l\u2019agriculture et les ressources naturelles subit donc les impacts de la s\u00e9cheresse.<\/span><\/p>\n<p style=\"text-align: justify;\"><span style=\"font-family: verdana, geneva, sans-serif;\">C\u2019est pourquoi nous tenons \u00e0 saluer toutes les initiatives qui visent \u00e0 endiguer les impacts de ce fl\u00e9au \u00a0et par cons\u00e9quent \u00e0 pr\u00e9server nos terres de la perte de l\u2019une de leurs fonctions principales qu\u2019est la production ou, \u00e0 d\u00e9faut, toute initiative qui vise \u00e0 les restaurer quand la d\u00e9gradation s\u2019est impos\u00e9e \u00e0 nous.<\/span><\/p>\n<p style=\"text-align: justify;\"><span style=\"font-family: verdana, geneva, sans-serif;\">Aussi, voudrais-je saisir l\u2019occasion que nous offre cette journ\u00e9e pour remercier et f\u00e9liciter la CNULCD d\u2019une part pour avoir choisi notre pays afin d\u2019abriter la COP 15\u00a0 et \u00eatre ainsi son porte-voix, et d\u2019autre part pour les programmes et projets initi\u00e9s en vue\u00a0 d\u2019une forte r\u00e9duction des superficies d\u00e9grad\u00e9es d\u2019ici l\u2019an 2030. Ainsi, on esp\u00e8re faire reculer le nombre de personnes victimes de la d\u00e9gradation des terres et de la s\u00e9cheresse, et concr\u00e9tiser les nombreux avantages li\u00e9s \u00e0 une augmentation progressive de la surface de terres g\u00e9r\u00e9es de mani\u00e8re p\u00e9renne.<\/span><\/p>\n<p style=\"text-align: justify;\"><span style=\"font-family: verdana, geneva, sans-serif;\">Ces initiatives s\u2019inscrivent dans l\u2019atteinte des Objectifs du D\u00e9veloppement Durable (ODD) dont <strong><em>l\u2019ODD 15.3 stipule qu\u2019il faut \u00ab\u00a0lutter contre la d\u00e9sertification, enrayer et inverser le processus de d\u00e9gradation des sols et mettre fin \u00e0 l\u2019appauvrissement de la biodiversit\u00e9\u00a0\u00bb<\/em><\/strong><\/span><\/p>\n<p style=\"text-align: justify;\"><span style=\"font-family: verdana, geneva, sans-serif;\">Nous tenons aussi \u00e0 remercier tous nos partenaires techniques et Financiers qui nous soutiennent dans cette inlassable lutte contre la d\u00e9gradation des terres\u00a0et la s\u00e9cheresse ; il s\u2019agit en occurrence, du Fonds pour l\u2019Environnement Mondial (FEM), l\u2019Organisation des Nations Unies pour l\u2019Environnement (ONU-Environnement) qui conduit depuis peu un projet sur la Gestion Durable des terres dans notre pays, le Programme des Nations Unies pour le D\u00e9veloppement (PNUD), l\u2019Organisation Mondiale pour l\u2019Alimentation (FAO), l\u2019Organisation Mondiale pour la Conservation de la Nature (UICN), la Coop\u00e9ration allemande de D\u00e9veloppement (GIZ), et tous les autres que je n\u2019ai pas pu citer.<\/span><\/p>\n<p style=\"text-align: justify;\"><span style=\"font-family: verdana, geneva, sans-serif;\"><strong>Chers compatriotes,<\/strong><\/span><\/p>\n<p style=\"text-align: justify;\"><span style=\"font-family: verdana, geneva, sans-serif;\">Nous devons chacun \u00e0 son niveau, jouer un r\u00f4le fondamental sur le terrain ou dans les prises de d\u00e9cision concernant la lutte contre le fl\u00e9au qu\u2019est la s\u00e9cheresse pour une Gestion Durable des Terres. Nos contributions individuelles et collectives seront essentielles et n\u00e9cessaires pour l\u2019atteinte des r\u00e9sultats escompt\u00e9s. C\u2019est dans cette logique participative et inclusive que nous r\u00e9ussirons le pari de r\u00e9soudre la question de la s\u00e9cheresse, c\u2019est \u00e0 dire sauver le quotidien des g\u00e9n\u00e9rations futures.<\/span><\/p>\n<p style=\"text-align: justify;\"><span style=\"font-family: verdana, geneva, sans-serif;\"><strong>Mesdames et Messieurs, Chers compatriotes,<\/strong><\/span><\/p>\n<p style=\"text-align: justify;\"><span style=\"font-family: verdana, geneva, sans-serif;\">L\u2019\u00e9tat des lieux montre un tableau sombre donc\u00a0 un avenir incertain. Toutefois si des efforts sont consentis \u00e0 tous les niveaux, il est certain que ces fl\u00e9aux que sont la s\u00e9cheresse et la d\u00e9gradation des terres, nos sols retrouveront leur fertilit\u00e9, donc leurs fonctions nourrici\u00e8res et, les populations concern\u00e9es leur bien-\u00eatre, donc le sourire.<\/span><\/p>\n<p style=\"text-align: justify;\"><span style=\"font-family: verdana, geneva, sans-serif;\">Oui\u00a0! C\u2019est possible si nous unissons nos forces car c\u2019est \u00ab\u00a0 <strong><em>Tous Ensemble que nous Vaincrons la S\u00e9cheresse\u00a0<\/em><\/strong>\u00bb<\/span><\/p>\n<p style=\"text-align: center;\"><span style=\"font-family: verdana, geneva, sans-serif;\"><strong>Je vous remercie<\/strong><\/span><\/p>\n","protected":false},"excerpt":{"rendered":"<p>Chers compatriotes Chers acteurs et amis de l\u2019environnement Mesdames et Messieurs, Le 17 juin 2022, quelques jours apr\u00e8s la COP15 qui s\u2019est tenue le mois dernier, \u00e0 l\u2019instar de tous [&hellip;]<\/p>\n","protected":false},"author":1,"featured_media":3819,"comment_status":"closed","ping_status":"closed","sticky":false,"template":"","format":"standard","meta":{"_lmt_disableupdate":"no","_lmt_disable":"","pgc_sgb_lightbox_settings":""},"categories":[58],"tags":[],"post_folder":[59],"modified_by":"MINEDD","_links":{"self":[{"href":"https:\/\/did-dev.net\/mineddte\/wp-json\/wp\/v2\/posts\/3821"}],"collection":[{"href":"https:\/\/did-dev.net\/mineddte\/wp-json\/wp\/v2\/posts"}],"about":[{"href":"https:\/\/did-dev.net\/mineddte\/wp-json\/wp\/v2\/types\/post"}],"author":[{"embeddable":true,"href":"https:\/\/did-dev.net\/mineddte\/wp-json\/wp\/v2\/users\/1"}],"replies":[{"embeddable":true,"href":"https:\/\/did-dev.net\/mineddte\/wp-json\/wp\/v2\/comments?post=3821"}],"version-history":[{"count":1,"href":"https:\/\/did-dev.net\/mineddte\/wp-json\/wp\/v2\/posts\/3821\/revisions"}],"predecessor-version":[{"id":3822,"href":"https:\/\/did-dev.net\/mineddte\/wp-json\/wp\/v2\/posts\/3821\/revisions\/3822"}],"wp:featuredmedia":[{"embeddable":true,"href":"https:\/\/did-dev.net\/mineddte\/wp-json\/wp\/v2\/media\/3819"}],"wp:attachment":[{"href":"https:\/\/did-dev.net\/mineddte\/wp-json\/wp\/v2\/media?parent=3821"}],"wp:term":[{"taxonomy":"category","embeddable":true,"href":"https:\/\/did-dev.net\/mineddte\/wp-json\/wp\/v2\/categories?post=3821"},{"taxonomy":"post_tag","embeddable":true,"href":"https:\/\/did-dev.net\/mineddte\/wp-json\/wp\/v2\/tags?post=3821"},{"taxonomy":"post_folder","embeddable":true,"href":"https:\/\/did-dev.net\/mineddte\/wp-json\/wp\/v2\/post_folder?post=3821"}],"curies":[{"name":"wp","href":"https:\/\/api.w.org\/{rel}","templated":true}]}}