{"id":3818,"date":"2022-06-08T06:00:47","date_gmt":"2022-06-08T06:00:47","guid":{"rendered":"https:\/\/did-dev.net\/mineddte\/?p=3818"},"modified":"2025-03-07T16:57:02","modified_gmt":"2025-03-07T16:57:02","slug":"journee-mondiale-des-oceans-2022-declaration-du-gouvernement-ivoirien","status":"publish","type":"post","link":"https:\/\/did-dev.net\/mineddte\/journee-mondiale-des-oceans-2022-declaration-du-gouvernement-ivoirien\/","title":{"rendered":"JOURNEE MONDIALE DES OCEANS 2022, DECLARATION DU GOUVERNEMENT IVOIRIEN"},"content":{"rendered":"<p style=\"text-align: center;\"><img decoding=\"async\" loading=\"lazy\" class=\"wp-image-3819 size-full aligncenter\" src=\"https:\/\/did-dev.net\/mineddte\/wp-content\/uploads\/2022\/06\/Article-Images-JMO-2022.jpg\" alt=\"\" width=\"847\" height=\"332\" srcset=\"https:\/\/did-dev.net\/mineddte\/wp-content\/uploads\/2022\/06\/Article-Images-JMO-2022.jpg 847w, https:\/\/did-dev.net\/mineddte\/wp-content\/uploads\/2022\/06\/Article-Images-JMO-2022-262x103.jpg 262w, https:\/\/did-dev.net\/mineddte\/wp-content\/uploads\/2022\/06\/Article-Images-JMO-2022-100x39.jpg 100w\" sizes=\"(max-width: 847px) 100vw, 847px\" \/><\/p>\n<p style=\"text-align: justify;\"><span style=\"font-family: verdana, geneva, sans-serif;\"><strong>Ivoiriens\u00a0;<\/strong><\/span><\/p>\n<p style=\"text-align: justify;\"><span style=\"font-family: verdana, geneva, sans-serif;\"><strong>Ivoiriennes\u00a0;<\/strong><\/span><\/p>\n<p style=\"text-align: justify;\"><span style=\"font-family: verdana, geneva, sans-serif;\"><strong>Mes chers compatriotes\u00a0;<\/strong><\/span><\/p>\n<p style=\"text-align: justify;\"><span style=\"font-family: verdana, geneva, sans-serif;\"><strong>Chers habitants de la C\u00f4te d\u2019Ivoire,<\/strong><\/span><\/p>\n<p style=\"text-align: justify;\"><span style=\"font-family: verdana, geneva, sans-serif;\">Le 8 juin de chaque ann\u00e9e, il est c\u00e9l\u00e9br\u00e9 la Journ\u00e9e Mondiale des Oc\u00e9ans. Cette c\u00e9l\u00e9bration vise \u00e0 nous rappeler le r\u00f4le des oc\u00e9ans comme source de vie partout dans le monde.<\/span><\/p>\n<p style=\"text-align: justify;\"><span style=\"font-family: verdana, geneva, sans-serif;\">L\u2019Edition 2022 est plac\u00e9e sous le th\u00e8me \u00ab <strong>Revitalisation : action collective pour l\u2019Oc\u00e9an <\/strong>\u00bb et met un accent sur la valorisation des innovations qui visent \u00e0 prot\u00e9ger les oc\u00e9ans, les mers et les ressources marines.<\/span><\/p>\n<p style=\"text-align: justify;\"><span style=\"font-family: verdana, geneva, sans-serif;\">Cette journ\u00e9e est l\u2019occasion pour le gouvernement d\u2019explorer et de r\u00e9fl\u00e9chir avec vous sur les activit\u00e9s \u00e0 mettre en \u0153uvre afin d\u2019informer, sensibiliser et d\u00e9clencher des changements ax\u00e9s sur les comportements et le mode consommation.<\/span><\/p>\n<p style=\"text-align: justify;\"><span style=\"font-family: verdana, geneva, sans-serif;\">En effet, il est important de relever que la surp\u00eache, la pollution plastique, le r\u00e9chauffement climatique, la pollution sonore qui g\u00eane les esp\u00e8ces marines et l\u2019acidification sont de nature \u00e0 impacter la sant\u00e9 de nos oc\u00e9ans et par cons\u00e9quent celle de la Terre ainsi que celle des \u00eatres humains que nous sommes. Cette situation av\u00e9r\u00e9e, est malheureusement due \u00e0 nos activit\u00e9s et \u00e0 nos comportements. Si des actions vigoureuses de gestion rationnelle et de pr\u00e9vention ne sont pas prises, cela conduirait nos \u00e9cosyst\u00e8mes marins et c\u00f4tiers \u00e0 une mort certaine dans quelques d\u00e9cennies.<\/span><\/p>\n<p style=\"text-align: justify;\"><span style=\"font-family: verdana, geneva, sans-serif;\"><strong>Ch\u00e8res ivoiriennes, Chers ivoiriens,<\/strong><\/span><\/p>\n<p style=\"text-align: justify;\"><span style=\"font-family: verdana, geneva, sans-serif;\">Aujourd\u2019hui, avec les changements climatiques, il nous faut\u00a0: <strong>(i)<\/strong> innover en utilisant de nouvelles approches de solutions bas\u00e9es sur la nature<strong><em>\u00a0<\/em><\/strong>; <strong>(ii)<\/strong> avoir des collaborations intersectionnelles et interdisciplinaires car il n\u2019est pas rentable de travailler isol\u00e9ment dans son secteur d\u2019activit\u00e9\u00a0; <strong>(iii)<\/strong> int\u00e9grer le savoir local et les efforts communautaires dans toutes les actions\u00a0; <strong>(iv)<\/strong> collaborer avec la recherche scientifique pour b\u00e9n\u00e9ficier de nouvelles technologie\u00a0; et enfin <strong>(v)<\/strong> d\u00e9velopper l\u2019\u00c9conomie bleue et la gestion responsable.<\/span><\/p>\n<p style=\"text-align: justify;\"><span style=\"font-family: verdana, geneva, sans-serif;\">Ainsi, pour montrer la mise \u0153uvre de certaines innovations bas\u00e9es sur le concept <strong><em>\u00ab\u00a0construire avec la nature\u00a0\u00bb, <\/em><\/strong>des activit\u00e9s de plantations de mangroves dans les complexes lagunaires de Grand-Lahou et de Dagbego-Sassandra sont initi\u00e9es dans le cadre du Projet d\u2019Investissement pour la r\u00e9silience des Zones C\u00f4ti\u00e8res Ouest-africaines (WACA) et de l\u2019Initiative P\u00eache C\u00f4ti\u00e8re (IPC-Afrique de l\u2019Ouest). De m\u00eame, la construction prochaine de l\u2019ouvrage destin\u00e9 \u00e0 stabiliser l\u2019embouchure du fleuve Bandama \u00e0 Grand-Lahou dans le cadre du projet WACA mettra un accent particulier sur les solutions dites innovantes.\u00a0<\/span><\/p>\n<p style=\"text-align: justify;\"><span style=\"font-family: verdana, geneva, sans-serif;\">Toutes ces activit\u00e9s permettront de restaurer et conserver les mangroves pour la durabilit\u00e9 des activit\u00e9s de p\u00eache et surtout de maintenir l\u2019\u00e9quilibre \u00e9cologique de notre \u00e9cosyst\u00e8me marin et c\u00f4tier.<\/span><\/p>\n<p style=\"text-align: justify;\"><span style=\"font-family: verdana, geneva, sans-serif;\"><strong>Ivoiriens\u00a0;<\/strong><\/span><\/p>\n<p style=\"text-align: justify;\"><span style=\"font-family: verdana, geneva, sans-serif;\"><strong>Ivoiriennes\u00a0;<\/strong><\/span><\/p>\n<p style=\"text-align: justify;\"><span style=\"font-family: verdana, geneva, sans-serif;\"><strong>Mes chers compatriotes\u00a0;<\/strong><\/span><\/p>\n<p style=\"text-align: justify;\"><span style=\"font-family: verdana, geneva, sans-serif;\"><strong>Chers habitants de la C\u00f4te d\u2019Ivoire,<\/strong><\/span><\/p>\n<p style=\"text-align: justify;\"><span style=\"font-family: verdana, geneva, sans-serif;\">Beaucoup d\u2019activit\u00e9s sont li\u00e9es \u00e0 l\u2019oc\u00e9an. Pour en tirer profit, nous avons l\u2019obligation de le prot\u00e9ger afin de continuer de b\u00e9n\u00e9ficier de ses nombreux services environnementaux et ses ressources naturelles.<\/span><\/p>\n<p style=\"text-align: justify;\"><span style=\"font-family: verdana, geneva, sans-serif;\">A cet effet, l\u2019\u00e9dition 2022 de la Journ\u00e9e Mondiale des Oc\u00e9ans nous am\u00e8ne-t-elle \u00e0 prendre collectivement et individuellement conscience de l\u2019importance de la sauvegarde des oc\u00e9ans, \u00e0 repenser nos mani\u00e8res de faire, de produire et de consommer, \u00e0 travers des actions concert\u00e9es.<\/span><\/p>\n<p style=\"text-align: justify;\"><span style=\"font-family: verdana, geneva, sans-serif;\">Il est grand temps de nous unir pour donner un nouveau souffle \u00e0 nos oc\u00e9ans, de sorte qu\u2019\u00e0 l\u2019horizon 2030, l\u2019atteinte de l\u2019<strong>Objectif de D\u00e9veloppement Durable 14 <\/strong>qui est de<strong> \u00ab\u00a0Conserver et exploiter de mani\u00e8re durable les oc\u00e9ans, les mers et les ressources marines aux fins du d\u00e9veloppement durable <\/strong>\u00bb, soit une r\u00e9alit\u00e9.<\/span><\/p>\n<p style=\"text-align: justify;\"><span style=\"font-family: verdana, geneva, sans-serif;\">Ensemble, nous y parviendrons.<\/span><\/p>\n<p style=\"text-align: center;\"><span style=\"font-family: verdana, geneva, sans-serif;\">Je vous remercie.<\/span><\/p>\n","protected":false},"excerpt":{"rendered":"<p>Ivoiriens\u00a0; Ivoiriennes\u00a0; Mes chers compatriotes\u00a0; Chers habitants de la C\u00f4te d\u2019Ivoire, Le 8 juin de chaque ann\u00e9e, il est c\u00e9l\u00e9br\u00e9 la Journ\u00e9e Mondiale des Oc\u00e9ans. Cette c\u00e9l\u00e9bration vise \u00e0 nous [&hellip;]<\/p>\n","protected":false},"author":1,"featured_media":3819,"comment_status":"closed","ping_status":"closed","sticky":false,"template":"","format":"standard","meta":{"_lmt_disableupdate":"no","_lmt_disable":"","pgc_sgb_lightbox_settings":""},"categories":[58],"tags":[],"post_folder":[59],"modified_by":"MINEDD","_links":{"self":[{"href":"https:\/\/did-dev.net\/mineddte\/wp-json\/wp\/v2\/posts\/3818"}],"collection":[{"href":"https:\/\/did-dev.net\/mineddte\/wp-json\/wp\/v2\/posts"}],"about":[{"href":"https:\/\/did-dev.net\/mineddte\/wp-json\/wp\/v2\/types\/post"}],"author":[{"embeddable":true,"href":"https:\/\/did-dev.net\/mineddte\/wp-json\/wp\/v2\/users\/1"}],"replies":[{"embeddable":true,"href":"https:\/\/did-dev.net\/mineddte\/wp-json\/wp\/v2\/comments?post=3818"}],"version-history":[{"count":1,"href":"https:\/\/did-dev.net\/mineddte\/wp-json\/wp\/v2\/posts\/3818\/revisions"}],"predecessor-version":[{"id":3820,"href":"https:\/\/did-dev.net\/mineddte\/wp-json\/wp\/v2\/posts\/3818\/revisions\/3820"}],"wp:featuredmedia":[{"embeddable":true,"href":"https:\/\/did-dev.net\/mineddte\/wp-json\/wp\/v2\/media\/3819"}],"wp:attachment":[{"href":"https:\/\/did-dev.net\/mineddte\/wp-json\/wp\/v2\/media?parent=3818"}],"wp:term":[{"taxonomy":"category","embeddable":true,"href":"https:\/\/did-dev.net\/mineddte\/wp-json\/wp\/v2\/categories?post=3818"},{"taxonomy":"post_tag","embeddable":true,"href":"https:\/\/did-dev.net\/mineddte\/wp-json\/wp\/v2\/tags?post=3818"},{"taxonomy":"post_folder","embeddable":true,"href":"https:\/\/did-dev.net\/mineddte\/wp-json\/wp\/v2\/post_folder?post=3818"}],"curies":[{"name":"wp","href":"https:\/\/api.w.org\/{rel}","templated":true}]}}