{"id":3814,"date":"2022-06-05T20:45:48","date_gmt":"2022-06-05T20:45:48","guid":{"rendered":"https:\/\/did-dev.net\/mineddte\/?p=3814"},"modified":"2025-03-07T16:56:15","modified_gmt":"2025-03-07T16:56:15","slug":"journee-mondiale-de-lenvironnement-discours-du-ministre","status":"publish","type":"post","link":"https:\/\/did-dev.net\/mineddte\/journee-mondiale-de-lenvironnement-discours-du-ministre\/","title":{"rendered":"JOURNEE MONDIALE DE L\u2019ENVIRONNEMENT, DISCOURS DU MINISTRE"},"content":{"rendered":"<p style=\"text-align: center;\"><img decoding=\"async\" loading=\"lazy\" class=\"wp-image-3815 size-full aligncenter\" src=\"https:\/\/did-dev.net\/mineddte\/wp-content\/uploads\/2022\/06\/Image-Article-JME-2022.jpeg\" alt=\"\" width=\"847\" height=\"332\" srcset=\"https:\/\/did-dev.net\/mineddte\/wp-content\/uploads\/2022\/06\/Image-Article-JME-2022.jpeg 847w, https:\/\/did-dev.net\/mineddte\/wp-content\/uploads\/2022\/06\/Image-Article-JME-2022-262x103.jpeg 262w, https:\/\/did-dev.net\/mineddte\/wp-content\/uploads\/2022\/06\/Image-Article-JME-2022-100x39.jpeg 100w\" sizes=\"(max-width: 847px) 100vw, 847px\" \/><\/p>\n<p style=\"text-align: justify;\"><span style=\"font-family: verdana, geneva, sans-serif;\">Mes chers compatriotes,<\/span><\/p>\n<p style=\"text-align: justify;\"><span style=\"font-family: verdana, geneva, sans-serif;\">Mesdames et Messieurs,<\/span><\/p>\n<p style=\"text-align: justify;\"><span style=\"font-family: verdana, geneva, sans-serif;\">Le 5 juin de chaque ann\u00e9e, il est organis\u00e9 une Journ\u00e9e Mondiale de l\u2019Environnement, et ce, depuis plus de quatre d\u00e9cennies, sous les auspices des Nations Unies, pour rappeler \u00e0 la conscience des citoyens des diff\u00e9rents Etats, l\u2019importance de la protection de l\u2019environnement pour le bien-\u00eatre de leurs populations respectives.<\/span><\/p>\n<p style=\"text-align: justify;\"><span style=\"font-family: verdana, geneva, sans-serif;\">La Journ\u00e9e Mondiale de l\u2019Environnement, pour cette ann\u00e9e 2022, a pour th\u00e8me \u00ab Une seule Terre \u00bb. La c\u00e9l\u00e9bration nationale plac\u00e9e sous le th\u00e8me \u00ab la Terre, notre Vie \u00bb, vise \u00e0 mettre en exergue la n\u00e9cessit\u00e9 d\u2019agir pour la terre en vue d\u2019une meilleure offre de services environnementaux au b\u00e9n\u00e9fice de l\u2019homme, car le bien-\u00eatre et la prosp\u00e9rit\u00e9 des g\u00e9n\u00e9rations actuelles et \u00e0 venir d\u00e9pendent de la richesse de la diversit\u00e9 sur Terre.<\/span><\/p>\n<p style=\"text-align: justify;\"><span style=\"font-family: verdana, geneva, sans-serif;\">Il s\u2019agit donc pour les gouvernements, les industriels, les communaut\u00e9s, les collectivit\u00e9s, la soci\u00e9t\u00e9 civile et les citoyens de se r\u00e9unir pour explorer les possibilit\u00e9s existantes en termes d\u2019actions et de technologies vertes visant \u00e0 restaurer et prot\u00e9ger les terres d\u00e9grad\u00e9es et d\u2019am\u00e9liorer la qualit\u00e9 de ses services.<\/span><\/p>\n<p style=\"text-align: justify;\"><span style=\"font-family: verdana, geneva, sans-serif;\">Ch\u00e8res Ivoiriennes,<\/span><\/p>\n<p style=\"text-align: justify;\"><span style=\"font-family: verdana, geneva, sans-serif;\">Chers Ivoiriens,<\/span><\/p>\n<p style=\"text-align: justify;\"><span style=\"font-family: verdana, geneva, sans-serif;\">Chers Habitants de la C\u00f4te d\u2019Ivoire,<\/span><\/p>\n<p style=\"text-align: justify;\"><span style=\"font-family: verdana, geneva, sans-serif;\">Nous devons nous demander maintenant que devons-nous faire ou que pouvons-nous faire Ensemble pour sauvegarder les ressources que nous offrent la Terre et comment y parvenir ?<\/span><\/p>\n<p style=\"text-align: justify;\"><span style=\"font-family: verdana, geneva, sans-serif;\">La r\u00e9ponse \u00e0 ces interrogations renvoie pour l\u2019essentiel \u00e0 la signification du terme \u00ab Terre \u00bb qui peut se d\u00e9finir, selon la Convention des Nations Unies sur la Lutte Contre la D\u00e9sertification et la S\u00e8cheresse, comme une zone d\u00e9limitable de la surface terrestre, englobant tous les attributs de la biosph\u00e8re imm\u00e9diatement au-dessus ou en dessous de cette surface, y compris ceux du climat, les formes du sol et du terrain, l&#8217;hydrologie de surface, les couches s\u00e9dimentaires proches de la surface et la r\u00e9serve d&#8217;eau souterraine associ\u00e9e, les populations v\u00e9g\u00e9tales et animales, le mod\u00e8le d&#8217;\u00e9tablissement humain et les r\u00e9sultats physiques de l&#8217;activit\u00e9 humaine pass\u00e9e et pr\u00e9sente.<\/span><\/p>\n<p style=\"text-align: justify;\"><span style=\"font-family: verdana, geneva, sans-serif;\">Toute chose pour dire que la terre et ses composantes sont essentielles au maintien de la qualit\u00e9 de vie des populations. Citons-en quelques exemples :<\/span><\/p>\n<p style=\"text-align: justify;\"><span style=\"font-family: verdana, geneva, sans-serif;\">&#8211; Les poissons assurent 20% de l\u2019apport prot\u00e9ique \u00e0 environ 3 milliards de personnes. Dix esp\u00e8ces, \u00e0 elles seules, constituent environ 30% des captures effectu\u00e9es dans le cadre de la p\u00eache maritime et dix autres esp\u00e8ces constituent environ 50% de la production aquacole ;<\/span><\/p>\n<p style=\"text-align: justify;\"><span style=\"font-family: verdana, geneva, sans-serif;\">&#8211; Plus de 80% de l\u2019alimentation des \u00eatres humains sont assur\u00e9es par des plantes. Trois cultures c\u00e9r\u00e9ali\u00e8res \u2013 riz, ma\u00efs et bl\u00e9 \u2013 repr\u00e9sentent 60% de l\u2019apport calorique ;<\/span><\/p>\n<p style=\"text-align: justify;\"><span style=\"font-family: verdana, geneva, sans-serif;\">&#8211; Pr\u00e8s de 80% des habitants des zones rurales des pays en d\u00e9veloppement ont recours \u00e0 la m\u00e9decine traditionnelle \u00e0 base de plantes ;<\/span><\/p>\n<p style=\"text-align: justify;\"><span style=\"font-family: verdana, geneva, sans-serif;\">&#8211; Les microorganismes et les invert\u00e9br\u00e9s jouent un r\u00f4le essentiel au niveau des services \u00e9co-syst\u00e9miques, mais leurs contributions sont encore mal connues et donc pas suffisamment exploit\u00e9es.<\/span><\/p>\n<p style=\"text-align: justify;\"><span style=\"font-family: verdana, geneva, sans-serif;\">Mesdames et Messieurs,<\/span><\/p>\n<p style=\"text-align: justify;\"><span style=\"font-family: verdana, geneva, sans-serif;\">Alors que la valeur de la diversit\u00e9 biologique et les services rendus par la nature et leur importance pour l\u2019humanit\u00e9 ont \u00e9t\u00e9 mondialement reconnues, certaines activit\u00e9s humaines continuent de r\u00e9duire le nombre d\u2019esp\u00e8ces vivantes et repr\u00e9sentent une menace s\u00e9rieuse pour notre survie.<\/span><\/p>\n<p style=\"text-align: justify;\"><span style=\"font-family: verdana, geneva, sans-serif;\">La perte de la diversit\u00e9 biologique dans le monde se poursuit principalement \u00e0 travers la destruction des habitats naturels, la surexploitation des ressources naturelles, la pollution, le d\u00e9veloppement et l\u2019expansion des plantes et animaux exotiques envahissants&#8230; et j\u2019en passe.<\/span><\/p>\n<p style=\"text-align: justify;\"><span style=\"font-family: verdana, geneva, sans-serif;\">En outre, les terres se d\u00e9gradent de plus en plus en perdant leur potentiel biologique, productif et \u00e9conomique sous l\u2019effet des activit\u00e9s humaines et du r\u00e9chauffement climatique (agriculture, d\u00e9forestation, p\u00eache, exploitation mini\u00e8res et p\u00e9troli\u00e8res, gazi\u00e8re, etc.)<\/span><\/p>\n<p style=\"text-align: justify;\"><span style=\"font-family: verdana, geneva, sans-serif;\">Pour att\u00e9nuer les effets de cette d\u00e9gradation, il est indispensable de r\u00e9duire la d\u00e9forestation, la d\u00e9gradation des sols, \u00e9cosyst\u00e8mes qui renforcent les stocks de carbone dans les for\u00eats, les zones arides, les p\u00e2turages et les terres cultiv\u00e9es.<\/span><\/p>\n<p style=\"text-align: justify;\"><span style=\"font-family: verdana, geneva, sans-serif;\">C\u2019est donc \u00e0 juste titre que les n\u00e9gociations men\u00e9es lors de la quinzi\u00e8me Conf\u00e9rence des Parties \u00e0 la Convention des Nations Unies sur la Lutte Contre la D\u00e9sertification et la S\u00e9cheresse, la COP15, \u00e0 Abidjan, en C\u00f4te d\u2019Ivoire, tenue du 09 au 20 mai 2022, ont mis au c\u0153ur des discussions, le probl\u00e8me de la d\u00e9sertification, un ph\u00e9nom\u00e8ne mondial qui affecte la s\u00e9curit\u00e9 \u00e9cologique de la plan\u00e8te, la stabilit\u00e9 socio-\u00e9conomique et le d\u00e9veloppement durable.<\/span><\/p>\n<p style=\"text-align: justify;\"><span style=\"font-family: verdana, geneva, sans-serif;\">Le th\u00e8me de cette Conf\u00e9rence, \u00ab Terres, Vie, Patrimoine : d\u2019un monde pr\u00e9caire \u00e0 un avenir prosp\u00e8re \u00bb, est un appel \u00e0 l\u2019action pour que la terre, source de vie sur cette plan\u00e8te, continue de profiter aux g\u00e9n\u00e9rations actuelles et futures. Il s\u2019inscrit dans la d\u00e9cennie des Nations Unies pour la restauration des \u00e9cosyst\u00e8mes 2021-2030 et est en phase avec le th\u00e8me de la journ\u00e9e Mondiale de l\u2019Environnement 2022, intitul\u00e9 \u00ab une seule terre \u00bb.<\/span><\/p>\n<p style=\"text-align: justify;\"><span style=\"font-family: verdana, geneva, sans-serif;\">Mesdames et Messieurs,<\/span><\/p>\n<p style=\"text-align: justify;\"><span style=\"font-family: verdana, geneva, sans-serif;\">Les actions de pr\u00e9vention doivent contribuer \u00e0 diminuer l\u2019exposition de la population en agissant de mani\u00e8re durable et \u00e0 grande \u00e9chelle sur les causes de la d\u00e9gradation des terres. Chacun est concern\u00e9, au niveau individuel, professionnel ou collectif.<\/span><\/p>\n<p style=\"text-align: justify;\"><span style=\"font-family: verdana, geneva, sans-serif;\">Il est bon de saluer les actions du Gouvernement, avec \u00e0 sa t\u00eate le Pr\u00e9sident de la R\u00e9publique, SEM Alassane Ouattara, aid\u00e9 dans sa t\u00e2che par le Premier Ministre, Chef du Gouvernement, M. Patrick J\u00e9r\u00f4me ACHI, qui envisage de mettre en \u0153uvre \u00ab l\u2019Initiative d\u2019Abidjan \u00bb, un programme dont les grands principes pourront s\u2019appliquer \u00e0 tous les pays confront\u00e9s aux d\u00e9fis de la d\u00e9sertification et de la d\u00e9forestation. Cette initiative s\u2019articule, autour de quatre composantes. Il s\u2019agit de la lutte contre la d\u00e9forestation et l\u2019engagement pour la restauration des for\u00eats ; l\u2019am\u00e9lioration de la productivit\u00e9 agricole ; l\u2019int\u00e9gration des fili\u00e8res agricoles dans des chaines de valeurs mondiales plus durables ; et l\u2019identification des cha\u00eenes de valeur du futur qui r\u00e9sisteront au changement climatique et qui seront respectueuses des sols. La mise en \u0153uvre de ce programme, permettra \u00e0 la C\u00f4te d\u2019Ivoire d\u2019atteindre ses objectifs, en restaurant 20 % de son couvert forestier initial d\u2019ici la fin de la d\u00e9cennie<\/span><\/p>\n<p style=\"text-align: justify;\"><span style=\"font-family: verdana, geneva, sans-serif;\">Citoyens, Citoyennes,<\/span><\/p>\n<p style=\"text-align: justify;\"><span style=\"font-family: verdana, geneva, sans-serif;\">Notre plan\u00e8te est en danger. Il faut trouver des solutions pour pr\u00e9server notre terre et notre vie. S\u2019il est vrai que les chiffres sont alarmants, il est aussi vrai que des solutions pour renverser la tendance existent et sont \u00e0 notre port\u00e9e.<\/span><\/p>\n<p style=\"text-align: justify;\"><span style=\"font-family: verdana, geneva, sans-serif;\">Ensemble, engageons-nous, dans un \u00e9lan de solidarit\u00e9, pour pr\u00e9server notre plan\u00e8te. Je vous invite donc \u00e0 une prise de conscience collective pour ne pas mettre en p\u00e9ril la survie de notre propre esp\u00e8ce, l\u2019esp\u00e8ce humaine.<\/span><\/p>\n<p style=\"text-align: justify;\"><span style=\"font-family: verdana, geneva, sans-serif;\">Je souhaite \u00e0 tous une bonne c\u00e9l\u00e9bration de la journ\u00e9e mondiale de l\u2019environnement. Adoptons, tous et chacun, un comportement \u00e9co-citoyen nous permettant de nous \u00e9panouir dans une nature pure, vivable et propice \u00e0 des actions de d\u00e9veloppement durable au profit des g\u00e9n\u00e9rations pr\u00e9sentes et futures.<\/span><\/p>\n<p style=\"text-align: justify;\"><span style=\"font-family: verdana, geneva, sans-serif;\">Je vous remercie.\u00a0<\/span><\/p>\n<p style=\"text-align: justify;\">\u00a0<\/p>\n","protected":false},"excerpt":{"rendered":"<p>Mes chers compatriotes, Mesdames et Messieurs, Le 5 juin de chaque ann\u00e9e, il est organis\u00e9 une Journ\u00e9e Mondiale de l\u2019Environnement, et ce, depuis plus de quatre d\u00e9cennies, sous les auspices [&hellip;]<\/p>\n","protected":false},"author":1,"featured_media":3815,"comment_status":"closed","ping_status":"closed","sticky":false,"template":"","format":"standard","meta":{"_lmt_disableupdate":"no","_lmt_disable":"","pgc_sgb_lightbox_settings":""},"categories":[58],"tags":[],"post_folder":[59],"modified_by":"MINEDD","_links":{"self":[{"href":"https:\/\/did-dev.net\/mineddte\/wp-json\/wp\/v2\/posts\/3814"}],"collection":[{"href":"https:\/\/did-dev.net\/mineddte\/wp-json\/wp\/v2\/posts"}],"about":[{"href":"https:\/\/did-dev.net\/mineddte\/wp-json\/wp\/v2\/types\/post"}],"author":[{"embeddable":true,"href":"https:\/\/did-dev.net\/mineddte\/wp-json\/wp\/v2\/users\/1"}],"replies":[{"embeddable":true,"href":"https:\/\/did-dev.net\/mineddte\/wp-json\/wp\/v2\/comments?post=3814"}],"version-history":[{"count":1,"href":"https:\/\/did-dev.net\/mineddte\/wp-json\/wp\/v2\/posts\/3814\/revisions"}],"predecessor-version":[{"id":3816,"href":"https:\/\/did-dev.net\/mineddte\/wp-json\/wp\/v2\/posts\/3814\/revisions\/3816"}],"wp:featuredmedia":[{"embeddable":true,"href":"https:\/\/did-dev.net\/mineddte\/wp-json\/wp\/v2\/media\/3815"}],"wp:attachment":[{"href":"https:\/\/did-dev.net\/mineddte\/wp-json\/wp\/v2\/media?parent=3814"}],"wp:term":[{"taxonomy":"category","embeddable":true,"href":"https:\/\/did-dev.net\/mineddte\/wp-json\/wp\/v2\/categories?post=3814"},{"taxonomy":"post_tag","embeddable":true,"href":"https:\/\/did-dev.net\/mineddte\/wp-json\/wp\/v2\/tags?post=3814"},{"taxonomy":"post_folder","embeddable":true,"href":"https:\/\/did-dev.net\/mineddte\/wp-json\/wp\/v2\/post_folder?post=3814"}],"curies":[{"name":"wp","href":"https:\/\/api.w.org\/{rel}","templated":true}]}}