{"id":3808,"date":"2022-06-20T09:59:46","date_gmt":"2022-06-20T09:59:46","guid":{"rendered":"https:\/\/did-dev.net\/mineddte\/?p=3808"},"modified":"2022-10-07T09:17:53","modified_gmt":"2022-10-07T09:17:53","slug":"projet-mobilite-electrique-avis-de-recrutement-de-consultants","status":"publish","type":"post","link":"https:\/\/did-dev.net\/mineddte\/projet-mobilite-electrique-avis-de-recrutement-de-consultants\/","title":{"rendered":"PROJET MOBILITE ELECTRIQUE &#8211; AVIS DE RECRUTEMENT DE CONSULTANTS"},"content":{"rendered":"<p style=\"text-align: center;\"><img decoding=\"async\" loading=\"lazy\" class=\"wp-image-3809 size-full aligncenter\" src=\"https:\/\/did-dev.net\/mineddte\/wp-content\/uploads\/2022\/06\/ImageArticleMobilite-Electrique-OK.png\" alt=\"\" width=\"847\" height=\"332\" srcset=\"https:\/\/did-dev.net\/mineddte\/wp-content\/uploads\/2022\/06\/ImageArticleMobilite-Electrique-OK.png 847w, https:\/\/did-dev.net\/mineddte\/wp-content\/uploads\/2022\/06\/ImageArticleMobilite-Electrique-OK-262x103.png 262w, https:\/\/did-dev.net\/mineddte\/wp-content\/uploads\/2022\/06\/ImageArticleMobilite-Electrique-OK-100x39.png 100w\" sizes=\"(max-width: 847px) 100vw, 847px\" \/><\/p>\n<p style=\"text-align: justify;\"><span style=\"font-family: verdana, geneva, sans-serif;\">Le Gouvernement de la R\u00e9publique de C\u00f4te d\u2019Ivoire a sign\u00e9 un accord de financement avec le Fonds pour l&#8217;environnement mondial (FEM) pour la mise en \u0153uvre du Projet intitul\u00e9 \u00ab Transport Int\u00e9gr\u00e9, Durable et \u00e0 Faibles Emissions en C\u00f4te d&#8217;Ivoire \u00bb. L&#8217;objectif de ce projet qui sera mis en \u0153uvre par le Minist\u00e8re de l\u2019Environnement et du D\u00e9veloppement Durable (MINEDD) avec le soutien des Minist\u00e8res en charge des Transports et de l\u2019Energie, sera d\u2019att\u00e9nuer les \u00e9missions de Gaz \u00e0 Effet de Serre en C\u00f4te d&#8217;Ivoire en acc\u00e9l\u00e9rant l&#8217;introduction de la mobilit\u00e9 \u00e9lectrique \u00e0 travers, la r\u00e9vision du cadre politique et institutionnel, la formation et le renforcement des capacit\u00e9s, la d\u00e9monstration de v\u00e9hicules \u00e9lectriques, le d\u00e9veloppement de sch\u00e9mas de financement et de plan d\u2019affaires.<\/span><\/p>\n<p style=\"text-align: justify;\"><span style=\"font-family: verdana, geneva, sans-serif;\">A cet \u00e9gard, le MINEDD, en sa qualit\u00e9 d\u2019Agence d\u2019ex\u00e9cution du Projet, lance le recrutement, sur une base comp\u00e9titive, de consultants suivants :<\/span><\/p>\n<p style=\"text-align: justify;\"><span style=\"font-family: verdana, geneva, sans-serif;\">\u00a0&#8211; Consultant international en Politiques Publiques et Strat\u00e9gies de la mobilit\u00e9 \u00e9lectrique.<\/span><\/p>\n<p style=\"text-align: justify;\"><span style=\"font-family: verdana, geneva, sans-serif;\">\u00a0&#8211; Consultant international en Technologies de Mobilit\u00e9 Electrique et Plan d\u2019Affaires.<\/span><\/p>\n<p style=\"text-align: justify;\"><span style=\"font-family: verdana, geneva, sans-serif;\">\u00a0&#8211; Consultant local.<\/span><\/p>\n<p style=\"text-align: justify;\"><span style=\"font-family: verdana, geneva, sans-serif;\">Les Termes De R\u00e9f\u00e9rence relatifs \u00e0 ces Postes peuvent \u00eatre obtenus ci-dessous :<\/span><\/p>\n<p style=\"text-align: justify;\"><a href=\"https:\/\/did-dev.net\/mineddte\/wp-content\/uploads\/2022\/06\/TDR_Expert-Technologie-Plan-Affaires_JL-Revue-Dr-ETIEN-SMU_DNP.pdf\" target=\"_blank\" rel=\"noopener\">TDR_Expert Technologie Plan Affaires_JL Revue Dr ETIEN-SMU_DNP<\/a><\/p>\n<p style=\"text-align: justify;\"><a href=\"https:\/\/did-dev.net\/mineddte\/wp-content\/uploads\/2022\/06\/TDR_Expert-Politiques-Strategies_JL-Revu-ETIEN-SMU_DNP.pdf\" target=\"_blank\" rel=\"noopener\">TDR_Expert Politiques Strat\u00e9gies_JL Revu ETIEN-SMU_DNP<\/a><\/p>\n<p style=\"text-align: justify;\"><a href=\"https:\/\/did-dev.net\/mineddte\/wp-content\/uploads\/2022\/06\/TDR_Consultant-Technique-Local_JL-Obs-ETIEN-SMU_DNP.pdf\" target=\"_blank\" rel=\"noopener\">TDR_Consultant Technique Local_JL Obs ETIEN-SMU_DNP<\/a><\/p>\n<p style=\"text-align: justify;\"><span style=\"font-family: verdana, geneva, sans-serif;\"><strong>Les candidatures doivent \u00eatre soumises du 20 juin au 15 juillet 2022 \u00e0 16 heures GMT<\/strong>, sous plis ferm\u00e9 avec mention lisible du Poste auquel le (la) candidat(e) soumissionne sur l\u2019enveloppe et d\u00e9pos\u00e9 \u00e0 l\u2019une ou l\u2019autre des adresses suivantes :<\/span><\/p>\n<p style=\"text-align: justify;\"><span style=\"font-family: verdana, geneva, sans-serif;\">&#8211; <strong>Secr\u00e9tariat du Directeur de Cabinet Adjoint, Cit\u00e9 administrative, Tour D, 10\u00e8 \u00e9tage, Porte 26, T\u00e9l\u00e9phone : 27 20 23 99 40 \/ 07<\/strong><\/span><\/p>\n<p style=\"text-align: justify;\"><span style=\"font-family: verdana, geneva, sans-serif;\">&#8211; <strong>Coordination G\u00e9n\u00e9rale des Programmes et Projets (CGPP) du MINEDD aux deux plateaux les vallons, rue 191, 08 BP 2127 08, T\u00e9l : 27 22 41 11 99<\/strong><\/span><\/p>\n<p style=\"text-align: justify;\">\u00a0<\/p>\n","protected":false},"excerpt":{"rendered":"<p>Le Gouvernement de la R\u00e9publique de C\u00f4te d\u2019Ivoire a sign\u00e9 un accord de financement avec le Fonds pour l&#8217;environnement mondial (FEM) pour la mise en \u0153uvre du Projet intitul\u00e9 \u00ab [&hellip;]<\/p>\n","protected":false},"author":1,"featured_media":3809,"comment_status":"closed","ping_status":"closed","sticky":false,"template":"","format":"standard","meta":{"_lmt_disableupdate":"no","_lmt_disable":"","pgc_sgb_lightbox_settings":""},"categories":[58],"tags":[],"post_folder":[59],"modified_by":"MINEDD","_links":{"self":[{"href":"https:\/\/did-dev.net\/mineddte\/wp-json\/wp\/v2\/posts\/3808"}],"collection":[{"href":"https:\/\/did-dev.net\/mineddte\/wp-json\/wp\/v2\/posts"}],"about":[{"href":"https:\/\/did-dev.net\/mineddte\/wp-json\/wp\/v2\/types\/post"}],"author":[{"embeddable":true,"href":"https:\/\/did-dev.net\/mineddte\/wp-json\/wp\/v2\/users\/1"}],"replies":[{"embeddable":true,"href":"https:\/\/did-dev.net\/mineddte\/wp-json\/wp\/v2\/comments?post=3808"}],"version-history":[{"count":3,"href":"https:\/\/did-dev.net\/mineddte\/wp-json\/wp\/v2\/posts\/3808\/revisions"}],"predecessor-version":[{"id":3837,"href":"https:\/\/did-dev.net\/mineddte\/wp-json\/wp\/v2\/posts\/3808\/revisions\/3837"}],"wp:featuredmedia":[{"embeddable":true,"href":"https:\/\/did-dev.net\/mineddte\/wp-json\/wp\/v2\/media\/3809"}],"wp:attachment":[{"href":"https:\/\/did-dev.net\/mineddte\/wp-json\/wp\/v2\/media?parent=3808"}],"wp:term":[{"taxonomy":"category","embeddable":true,"href":"https:\/\/did-dev.net\/mineddte\/wp-json\/wp\/v2\/categories?post=3808"},{"taxonomy":"post_tag","embeddable":true,"href":"https:\/\/did-dev.net\/mineddte\/wp-json\/wp\/v2\/tags?post=3808"},{"taxonomy":"post_folder","embeddable":true,"href":"https:\/\/did-dev.net\/mineddte\/wp-json\/wp\/v2\/post_folder?post=3808"}],"curies":[{"name":"wp","href":"https:\/\/api.w.org\/{rel}","templated":true}]}}