{"id":3803,"date":"2022-05-17T12:55:43","date_gmt":"2022-05-17T12:55:43","guid":{"rendered":"https:\/\/did-dev.net\/mineddte\/?p=3803"},"modified":"2022-05-25T12:59:20","modified_gmt":"2022-05-25T12:59:20","slug":"comment-integrer-la-recherche-appliquee-dans-les-actions-dadaptation-aux-changements-climatiques-les-universitaires-de-plusieurs-pays-reflechissent-sur-la-thematique","status":"publish","type":"post","link":"https:\/\/did-dev.net\/mineddte\/comment-integrer-la-recherche-appliquee-dans-les-actions-dadaptation-aux-changements-climatiques-les-universitaires-de-plusieurs-pays-reflechissent-sur-la-thematique\/","title":{"rendered":"Comment int\u00e9grer la recherche appliqu\u00e9e dans les actions d\u2019adaptation aux changements climatiques ? : les Universitaires de plusieurs pays r\u00e9fl\u00e9chissent sur la th\u00e9matique"},"content":{"rendered":"<p style=\"text-align: center;\"><img decoding=\"async\" loading=\"lazy\" class=\"wp-image-3796 size-full aligncenter\" src=\"https:\/\/did-dev.net\/mineddte\/wp-content\/uploads\/2022\/05\/ImagesArticleACC_SecteurPrive.png\" alt=\"\" width=\"847\" height=\"332\" srcset=\"https:\/\/did-dev.net\/mineddte\/wp-content\/uploads\/2022\/05\/ImagesArticleACC_SecteurPrive.png 847w, https:\/\/did-dev.net\/mineddte\/wp-content\/uploads\/2022\/05\/ImagesArticleACC_SecteurPrive-262x103.png 262w, https:\/\/did-dev.net\/mineddte\/wp-content\/uploads\/2022\/05\/ImagesArticleACC_SecteurPrive-100x39.png 100w\" sizes=\"(max-width: 847px) 100vw, 847px\" \/><\/p>\n<p style=\"text-align: justify;\"><span style=\"font-family: verdana, geneva, sans-serif;\">Depuis le 16 mai 2022, se tient \u00e0 Abidjan le S\u00e9minaire National sur l\u2019Adaptation aux Changements Climatiques (SENACC). Apr\u00e8s son ouverture officielle, les travaux de ce s\u00e9minaire ont d\u00e9but\u00e9 par une Conf\u00e9rence Universitaire sous r\u00e9gionale sur la cherche appliqu\u00e9e en mati\u00e8re d\u2019Adaptation aux Changements Climatiques (ACC) qui s\u2019est poursuivi jusqu\u2019au 17 mai 2022.<\/span><\/p>\n<p style=\"text-align: justify;\"><span style=\"font-family: verdana, geneva, sans-serif;\">Lors de cette conf\u00e9rence, il s\u2019agissait pour les experts issus du milieu universitaire national et international de r\u00e9fl\u00e9chir autour de la probl\u00e9matique de l\u2019ACC. Cette activit\u00e9 vise \u00e0 engager la recherche scientifique appliqu\u00e9e ivoirienne dans le processus d\u2019\u00e9laboration du Plan National d\u2019Adaptation (PNA) en mettant en place un r\u00e9seau national et un cluster sous r\u00e9gional de chercheurs sur l\u2019ACC.<\/span><\/p>\n<p style=\"text-align: justify;\"><span style=\"font-family: verdana, geneva, sans-serif;\">Du 16 au 19 mai 2022, le SENACC se d\u00e9roule en marge de la COP15 sur la lutte contre la d\u00e9sertification et la s\u00e9cheresse sous le th\u00e8me \u00ab <strong>Adaptation aux Changements Climatiques : Entre r\u00e9flexions scientifiques, politiques publiques et engagement du priv\u00e9 pour des r\u00e9ponses innovantes<\/strong> \u00bb. Il est pilot\u00e9 par le \u00ab Projet de renforcement de l\u2019int\u00e9gration de l\u2019adaptation aux changements climatiques dans la planification du d\u00e9veloppement en C\u00f4te d\u2019Ivoire (NAPGCF) \u00bb financ\u00e9 par le Fonds Vert pour le Climat. Le SENACC b\u00e9n\u00e9ficie de l\u2019appui technique et scientifique du Centre d\u2019Excellence Africain sur le Changement Climatique, la Biodiversit\u00e9 et l\u2019Agriculture Durable (WASCAL\/CEA-CCBAD) de l\u2019Universit\u00e9 F\u00e9lix Houphou\u00ebt Boigny.<\/span><\/p>\n<p style=\"text-align: justify;\">\u00a0<\/p>\n","protected":false},"excerpt":{"rendered":"<p>Depuis le 16 mai 2022, se tient \u00e0 Abidjan le S\u00e9minaire National sur l\u2019Adaptation aux Changements Climatiques (SENACC). Apr\u00e8s son ouverture officielle, les travaux de ce s\u00e9minaire ont d\u00e9but\u00e9 par [&hellip;]<\/p>\n","protected":false},"author":1,"featured_media":3804,"comment_status":"closed","ping_status":"closed","sticky":false,"template":"","format":"standard","meta":{"_lmt_disableupdate":"no","_lmt_disable":"","pgc_sgb_lightbox_settings":""},"categories":[58],"tags":[],"post_folder":[59],"modified_by":"MINEDD","_links":{"self":[{"href":"https:\/\/did-dev.net\/mineddte\/wp-json\/wp\/v2\/posts\/3803"}],"collection":[{"href":"https:\/\/did-dev.net\/mineddte\/wp-json\/wp\/v2\/posts"}],"about":[{"href":"https:\/\/did-dev.net\/mineddte\/wp-json\/wp\/v2\/types\/post"}],"author":[{"embeddable":true,"href":"https:\/\/did-dev.net\/mineddte\/wp-json\/wp\/v2\/users\/1"}],"replies":[{"embeddable":true,"href":"https:\/\/did-dev.net\/mineddte\/wp-json\/wp\/v2\/comments?post=3803"}],"version-history":[{"count":2,"href":"https:\/\/did-dev.net\/mineddte\/wp-json\/wp\/v2\/posts\/3803\/revisions"}],"predecessor-version":[{"id":3806,"href":"https:\/\/did-dev.net\/mineddte\/wp-json\/wp\/v2\/posts\/3803\/revisions\/3806"}],"wp:featuredmedia":[{"embeddable":true,"href":"https:\/\/did-dev.net\/mineddte\/wp-json\/wp\/v2\/media\/3804"}],"wp:attachment":[{"href":"https:\/\/did-dev.net\/mineddte\/wp-json\/wp\/v2\/media?parent=3803"}],"wp:term":[{"taxonomy":"category","embeddable":true,"href":"https:\/\/did-dev.net\/mineddte\/wp-json\/wp\/v2\/categories?post=3803"},{"taxonomy":"post_tag","embeddable":true,"href":"https:\/\/did-dev.net\/mineddte\/wp-json\/wp\/v2\/tags?post=3803"},{"taxonomy":"post_folder","embeddable":true,"href":"https:\/\/did-dev.net\/mineddte\/wp-json\/wp\/v2\/post_folder?post=3803"}],"curies":[{"name":"wp","href":"https:\/\/api.w.org\/{rel}","templated":true}]}}