{"id":3798,"date":"2022-05-16T10:00:29","date_gmt":"2022-05-16T10:00:29","guid":{"rendered":"https:\/\/did-dev.net\/mineddte\/?p=3798"},"modified":"2022-05-25T12:39:07","modified_gmt":"2022-05-25T12:39:07","slug":"les-rideaux-souvrent-pour-le-seminaire-national-sur-ladaptation-aux-changements-climatiques-senacc","status":"publish","type":"post","link":"https:\/\/did-dev.net\/mineddte\/les-rideaux-souvrent-pour-le-seminaire-national-sur-ladaptation-aux-changements-climatiques-senacc\/","title":{"rendered":"Les rideaux s\u2019ouvrent pour le S\u00e9minaire National sur l\u2019Adaptation aux Changements Climatiques (SENACC)"},"content":{"rendered":"<p style=\"text-align: center;\"><img decoding=\"async\" loading=\"lazy\" class=\"wp-image-3799 size-full aligncenter\" src=\"https:\/\/did-dev.net\/mineddte\/wp-content\/uploads\/2022\/05\/ImagesArticle_OuvertureSENACC.png\" alt=\"\" width=\"847\" height=\"332\" srcset=\"https:\/\/did-dev.net\/mineddte\/wp-content\/uploads\/2022\/05\/ImagesArticle_OuvertureSENACC.png 847w, https:\/\/did-dev.net\/mineddte\/wp-content\/uploads\/2022\/05\/ImagesArticle_OuvertureSENACC-262x103.png 262w, https:\/\/did-dev.net\/mineddte\/wp-content\/uploads\/2022\/05\/ImagesArticle_OuvertureSENACC-100x39.png 100w\" sizes=\"(max-width: 847px) 100vw, 847px\" \/><\/p>\n<p style=\"text-align: justify;\" data-tadv-p=\"keep\"><span style=\"font-family: verdana, geneva, sans-serif;\">\u00ab <strong><em>Adaptation aux Changements Climatiques : Entre r\u00e9flexions scientifiques, politiques publiques et engagement du priv\u00e9 pour des r\u00e9ponses innovantes<\/em><\/strong> \u00bb est le th\u00e8me du S\u00e9minaire National sur l\u2019Adaptation aux Changements Climatiques (SENACC) qui se tient du 16 au 19 mai 2022 \u00e0 Abidjan.<\/span><\/p>\n<p style=\"text-align: justify;\" data-tadv-p=\"keep\"><span style=\"font-family: verdana, geneva, sans-serif;\">Le Ministre de l\u2019Environnement et du D\u00e9veloppement Durable, Monsieur Jean-Luc ASSI a proc\u00e9d\u00e9 \u00e0 l\u2019ouverture de cette grande activit\u00e9 qui a mobilis\u00e9 des universitaires, le secteur priv\u00e9, la soci\u00e9t\u00e9 civile, tous issus de structures nationales, sous r\u00e9gionales, et internationales.<\/span><\/p>\n<p style=\"text-align: justify;\" data-tadv-p=\"keep\"><span style=\"font-family: verdana, geneva, sans-serif;\">\u00ab\u00a0<em>Dans sa recherche de s\u00e9curit\u00e9 climatique, le gouvernement ivoirien a sign\u00e9 en 1992, <\/em><em>la Convention-Cadre des Nations Unies sur les Changements Climatiques (CCNUCC) \u00e0 l\u2019occasion du Sommet de la Terre de Rio de Janeiro au Br\u00e9sil. Il a aussi sign\u00e9 et ratifi\u00e9 l\u2019Accord de Paris respectivement en 2015 et 2016<\/em>\u00a0\u00bb a d\u00e9clar\u00e9 Jean-Luc ASSI dans son allocution.<\/span><\/p>\n<p style=\"text-align: justify;\" data-tadv-p=\"keep\"><span style=\"font-family: verdana, geneva, sans-serif;\">Il a soulign\u00e9 ensuite cet engagement de la C\u00f4te d\u2019Ivoire visait \u00e0 produire et \u00e0 soumettre, \u00e0 la Convention-Cadre des Nations Unies sur les Changements Climatiques (CCNUCC), les Contributions D\u00e9termin\u00e9es au niveau National (CDN) du pays et son Plan National d\u2019Adaptation (PNA) aux Changements Climatiques. A l\u2019en croire, le PNA est un document strat\u00e9gique qui permettra de renforcer la r\u00e9silience des populations vuln\u00e9rables aux effets n\u00e9fastes des changements climatiques mais aussi et surtout de garantir leur s\u00e9curit\u00e9 face aux menaces de ces changements.<\/span><\/p>\n<p style=\"text-align: justify;\" data-tadv-p=\"keep\"><span style=\"font-family: verdana, geneva, sans-serif;\">Ainsi, ce s\u00e9minaire <em>\u00ab\u00a0s\u2019inscrit dans le cadre du processus d\u2019\u00e9laboration du Plan National d\u2019Adaptation aux Changements Climatiques de la C\u00f4te d\u2019Ivoire\u00a0\u00bb<\/em> dira le Ministre ivoirien en charge de l\u2019Environnement. Son objectif est de promouvoir les solutions en mati\u00e8re d\u2019adaptation aux changements climatiques (ACC) aupr\u00e8s des chercheurs, des universitaires, du secteur public, de partager les exp\u00e9riences et les bonnes pratiques en mati\u00e8re de financement public et priv\u00e9 qui visent \u00e0 promouvoir les technologies et initiatives locales en mati\u00e8re d\u2019ACC, de discuter des d\u00e9fis et opportunit\u00e9s de l\u2019ACC pour le secteur priv\u00e9.<\/span><\/p>\n<p style=\"text-align: justify;\" data-tadv-p=\"keep\"><span style=\"font-family: verdana, geneva, sans-serif;\">Depuis 2019, la C\u00f4te d\u2019Ivoire s\u2019est engag\u00e9e \u00e0 la r\u00e9daction de son Plan National d\u2019Adaptation \u00e0 travers le \u00ab<strong> Projet de Renforcement de l\u2019int\u00e9gration de l\u2019adaptation au changement climatique dans la planification du d\u00e9veloppement en C\u00f4te d\u2019Ivoire (NAP-GCF)<\/strong> \u00bb du Minist\u00e8re de l\u2019Environnement et du D\u00e9veloppement Durable, avec l\u2019appui financier du Fond Vert Climat et l\u2019appui technique du Programme des Nation Unies pour le D\u00e9veloppement (PNUD).<\/span><\/p>\n<p style=\"text-align: justify;\" data-tadv-p=\"keep\"><span style=\"font-family: verdana, geneva, sans-serif;\">C\u2019est ce projet, le NAP-GCF qui pilote le SENACC, avec l\u2019appui scientifique du Centre d\u2019Excellence Africain sur le Changement Climatique, la Biodiversit\u00e9 et l\u2019Agriculture Durable (WASCAL\/CEA-CCBAD) de l\u2019Universit\u00e9 F\u00e9lix Houphou\u00ebt Boigny.<\/span><\/p>\n<p style=\"text-align: justify;\" data-tadv-p=\"keep\"><span style=\"font-family: verdana, geneva, sans-serif;\">Madame Carole Flore-Smerckzniack, Repr\u00e9sentante R\u00e9sidente du PNUD en C\u00f4te d\u2019Ivoire, le Professeur Ars\u00e8ne KOBEA, Directeur de Cabinet repr\u00e9sentant le Ministre de l\u2019Enseignement Sup\u00e9rieur et de la Recherche Scientifique ont pris part \u00e0 la c\u00e9r\u00e9monie d\u2019ouverture.\u00a0<\/span><\/p>\n<p style=\"text-align: justify;\">\u00a0<\/p>\n","protected":false},"excerpt":{"rendered":"<p>\u00ab Adaptation aux Changements Climatiques : Entre r\u00e9flexions scientifiques, politiques publiques et engagement du priv\u00e9 pour des r\u00e9ponses innovantes \u00bb est le th\u00e8me du S\u00e9minaire National sur l\u2019Adaptation aux Changements [&hellip;]<\/p>\n","protected":false},"author":1,"featured_media":3799,"comment_status":"closed","ping_status":"closed","sticky":false,"template":"","format":"standard","meta":{"_lmt_disableupdate":"no","_lmt_disable":"","pgc_sgb_lightbox_settings":""},"categories":[58],"tags":[],"post_folder":[59],"modified_by":"MINEDD","_links":{"self":[{"href":"https:\/\/did-dev.net\/mineddte\/wp-json\/wp\/v2\/posts\/3798"}],"collection":[{"href":"https:\/\/did-dev.net\/mineddte\/wp-json\/wp\/v2\/posts"}],"about":[{"href":"https:\/\/did-dev.net\/mineddte\/wp-json\/wp\/v2\/types\/post"}],"author":[{"embeddable":true,"href":"https:\/\/did-dev.net\/mineddte\/wp-json\/wp\/v2\/users\/1"}],"replies":[{"embeddable":true,"href":"https:\/\/did-dev.net\/mineddte\/wp-json\/wp\/v2\/comments?post=3798"}],"version-history":[{"count":2,"href":"https:\/\/did-dev.net\/mineddte\/wp-json\/wp\/v2\/posts\/3798\/revisions"}],"predecessor-version":[{"id":3802,"href":"https:\/\/did-dev.net\/mineddte\/wp-json\/wp\/v2\/posts\/3798\/revisions\/3802"}],"wp:featuredmedia":[{"embeddable":true,"href":"https:\/\/did-dev.net\/mineddte\/wp-json\/wp\/v2\/media\/3799"}],"wp:attachment":[{"href":"https:\/\/did-dev.net\/mineddte\/wp-json\/wp\/v2\/media?parent=3798"}],"wp:term":[{"taxonomy":"category","embeddable":true,"href":"https:\/\/did-dev.net\/mineddte\/wp-json\/wp\/v2\/categories?post=3798"},{"taxonomy":"post_tag","embeddable":true,"href":"https:\/\/did-dev.net\/mineddte\/wp-json\/wp\/v2\/tags?post=3798"},{"taxonomy":"post_folder","embeddable":true,"href":"https:\/\/did-dev.net\/mineddte\/wp-json\/wp\/v2\/post_folder?post=3798"}],"curies":[{"name":"wp","href":"https:\/\/api.w.org\/{rel}","templated":true}]}}