{"id":3795,"date":"2022-05-18T12:18:35","date_gmt":"2022-05-18T12:18:35","guid":{"rendered":"https:\/\/did-dev.net\/mineddte\/?p=3795"},"modified":"2022-05-25T12:22:14","modified_gmt":"2022-05-25T12:22:14","slug":"financement-de-ladaptation-aux-changements-climatiques-les-acteurs-du-secteur-public-et-prive-decouvrent-les-opportunites","status":"publish","type":"post","link":"https:\/\/did-dev.net\/mineddte\/financement-de-ladaptation-aux-changements-climatiques-les-acteurs-du-secteur-public-et-prive-decouvrent-les-opportunites\/","title":{"rendered":"Financement de l\u2019Adaptation aux Changements Climatiques : les acteurs du secteur public et priv\u00e9 d\u00e9couvrent les opportunit\u00e9s"},"content":{"rendered":"<p style=\"text-align: center;\"><img decoding=\"async\" loading=\"lazy\" class=\"wp-image-3796 size-full aligncenter\" src=\"https:\/\/did-dev.net\/mineddte\/wp-content\/uploads\/2022\/05\/ImagesArticleACC_SecteurPrive.png\" alt=\"\" width=\"847\" height=\"332\" srcset=\"https:\/\/did-dev.net\/mineddte\/wp-content\/uploads\/2022\/05\/ImagesArticleACC_SecteurPrive.png 847w, https:\/\/did-dev.net\/mineddte\/wp-content\/uploads\/2022\/05\/ImagesArticleACC_SecteurPrive-262x103.png 262w, https:\/\/did-dev.net\/mineddte\/wp-content\/uploads\/2022\/05\/ImagesArticleACC_SecteurPrive-100x39.png 100w\" sizes=\"(max-width: 847px) 100vw, 847px\" \/><\/p>\n<p style=\"text-align: justify;\"><span style=\"font-family: verdana, geneva, sans-serif;\">Le S\u00e9minaire National sur l\u2019Adaptation aux Changements Climatiques (SENACC) s\u2019est poursuivi, le mercredi 18 mai 2022, \u00e0 travers un atelier r\u00e9gional sur le financement public et priv\u00e9 de l\u2019Adaptation aux Changements Climatiques (ACC).<\/span><\/p>\n<p style=\"text-align: justify;\"><span style=\"font-family: verdana, geneva, sans-serif;\">C\u2019\u00e9tait une tribune de rencontres et d\u2019\u00e9changes qui a permis aux acteurs du secteur priv\u00e9 de d\u00e9couvrir les nouvelles sources de financement pour les initiatives d\u2019adaptation aux changements climatiques et des opportunit\u00e9s d\u2019affaire. Divers pan\u00e9listes ont proc\u00e9d\u00e9 \u00e0 l\u2019animation de cet atelier. Aussi, cette activit\u00e9 a \u00e9t\u00e9 l\u2019occasion d\u2019\u00e9tablir et consolider des partenariats actifs entre acteurs du secteur priv\u00e9 national et sous r\u00e9gional.<\/span><\/p>\n<p style=\"text-align: justify;\"><span style=\"font-family: verdana, geneva, sans-serif;\">\u00ab\u00a0<em>La C\u00f4te d\u2019Ivoire est dans une phase d\u2019op\u00e9rationnalisation de ses ambitions climatiques, cela \u00e0 travers ses Contribution D\u00e9termin\u00e9es au niveau National (CDN) et son Plan National d\u2019Adaptation (PNA). C\u2019est dans ce cadre que les acteurs nationaux, r\u00e9gionaux et internationaux ont \u00e9t\u00e9 invit\u00e9s pour le partage de bonnes pratiques et d\u2019exp\u00e9riences en la mati\u00e8re. Cela permettra au niveau de la C\u00f4te d\u2019Ivoire, d\u2019avoir des approches plus structur\u00e9es, avec des impacts plus forts sur la lutte contre le changement climatique\u00a0<\/em>\u00bb, a affirm\u00e9 Douglas Anaman, Coordonnateur du processus d\u2019\u00e9laboration du Plan National d\u2019Adaptation (PNA) de la C\u00f4te d\u2019Ivoire.<\/span><\/p>\n<p style=\"text-align: justify;\"><span style=\"font-family: verdana, geneva, sans-serif;\">En C\u00f4te d\u2019Ivoire, les changements climatiques ont des effets n\u00e9fastes sur la plupart des secteurs de l\u2019\u00e9conomie, en particulier dans les cinq (5) secteurs cl\u00e9s cibl\u00e9s par l\u2019adaptation, \u00e0 savoir l\u2019agriculture, les ressources en eaux, l\u2019utilisation des terres, les ressources c\u00f4ti\u00e8res, la for\u00eat et la sant\u00e9.<\/span><\/p>\n<p style=\"text-align: justify;\"><span style=\"font-family: verdana, geneva, sans-serif;\">La place du secteur priv\u00e9 dans la mise en \u0153uvre d\u2019actions d\u2019adaptation pour la r\u00e9silience des activit\u00e9s \u00e9conomiques aux changements climatiques est peu connue. Ainsi, on note une absence de strat\u00e9gie de mobilisation financi\u00e8re de la part de ce secteur, sp\u00e9cifique \u00e0 l\u2019ACC et la sous-\u00e9valuation de la rentabilit\u00e9 des investissements en ACC.<\/span><\/p>\n<p style=\"text-align: justify;\"><span style=\"font-family: verdana, geneva, sans-serif;\">Le Coordonnateur du PNA, aborde dans cette optique. \u00ab\u00a0<em>Le secteur priv\u00e9 fait face \u00e0 des d\u00e9fis de mobilisation des ressources et des impacts du climat sur ses activit\u00e9s. Ainsi<\/em>,\u00a0<em>l\u2019enjeu de cet atelier est de rapprocher le secteur priv\u00e9 ivoirien des solutions de mobilisation de ressources pour des r\u00e9ponses appropri\u00e9es visant \u00e0 garantir des business plans durables<\/em>\u00a0\u00bb, a-t-il assur\u00e9.<\/span><\/p>\n<p style=\"text-align: justify;\"><span style=\"font-family: verdana, geneva, sans-serif;\">Par ailleurs, c\u2019est pour apporter des solutions \u00e0 cette probl\u00e9matique, que le projet \u00ab\u00a0<strong>Renforcement de l\u2019int\u00e9gration de l\u2019adaptation au changement climatique dans la planification du d\u00e9veloppement en C\u00f4te d\u2019Ivoire<\/strong>\u00a0\u00bb (NAP-GCF) a enti\u00e8rement d\u00e9di\u00e9 l\u2019une de ses composantes au secteur priv\u00e9 dont les avantages de son engagement dans l\u2019adaptation aux changements climatiques est inconnu.<\/span><\/p>\n<p style=\"text-align: justify;\"><span style=\"font-family: verdana, geneva, sans-serif;\">Le SENACC a \u00e9t\u00e9 un cadre id\u00e9al pour les participants de comprendre les nombreuses am\u00e9liorations possibles dans la gestion des questions li\u00e9es aux changements climatiques.\u00a0<\/span><\/p>\n<p style=\"text-align: justify;\">\u00a0<\/p>\n","protected":false},"excerpt":{"rendered":"<p>Le S\u00e9minaire National sur l\u2019Adaptation aux Changements Climatiques (SENACC) s\u2019est poursuivi, le mercredi 18 mai 2022, \u00e0 travers un atelier r\u00e9gional sur le financement public et priv\u00e9 de l\u2019Adaptation aux [&hellip;]<\/p>\n","protected":false},"author":1,"featured_media":3796,"comment_status":"closed","ping_status":"closed","sticky":false,"template":"","format":"standard","meta":{"_lmt_disableupdate":"no","_lmt_disable":"","pgc_sgb_lightbox_settings":""},"categories":[58],"tags":[],"post_folder":[59],"modified_by":"MINEDD","_links":{"self":[{"href":"https:\/\/did-dev.net\/mineddte\/wp-json\/wp\/v2\/posts\/3795"}],"collection":[{"href":"https:\/\/did-dev.net\/mineddte\/wp-json\/wp\/v2\/posts"}],"about":[{"href":"https:\/\/did-dev.net\/mineddte\/wp-json\/wp\/v2\/types\/post"}],"author":[{"embeddable":true,"href":"https:\/\/did-dev.net\/mineddte\/wp-json\/wp\/v2\/users\/1"}],"replies":[{"embeddable":true,"href":"https:\/\/did-dev.net\/mineddte\/wp-json\/wp\/v2\/comments?post=3795"}],"version-history":[{"count":1,"href":"https:\/\/did-dev.net\/mineddte\/wp-json\/wp\/v2\/posts\/3795\/revisions"}],"predecessor-version":[{"id":3797,"href":"https:\/\/did-dev.net\/mineddte\/wp-json\/wp\/v2\/posts\/3795\/revisions\/3797"}],"wp:featuredmedia":[{"embeddable":true,"href":"https:\/\/did-dev.net\/mineddte\/wp-json\/wp\/v2\/media\/3796"}],"wp:attachment":[{"href":"https:\/\/did-dev.net\/mineddte\/wp-json\/wp\/v2\/media?parent=3795"}],"wp:term":[{"taxonomy":"category","embeddable":true,"href":"https:\/\/did-dev.net\/mineddte\/wp-json\/wp\/v2\/categories?post=3795"},{"taxonomy":"post_tag","embeddable":true,"href":"https:\/\/did-dev.net\/mineddte\/wp-json\/wp\/v2\/tags?post=3795"},{"taxonomy":"post_folder","embeddable":true,"href":"https:\/\/did-dev.net\/mineddte\/wp-json\/wp\/v2\/post_folder?post=3795"}],"curies":[{"name":"wp","href":"https:\/\/api.w.org\/{rel}","templated":true}]}}