{"id":3791,"date":"2022-05-16T11:22:12","date_gmt":"2022-05-16T11:22:12","guid":{"rendered":"https:\/\/did-dev.net\/mineddte\/?p=3791"},"modified":"2022-05-25T11:58:58","modified_gmt":"2022-05-25T11:58:58","slug":"adaptation-aux-changements-climatiques-plusieurs-technologies-et-solutions-presentees-aux-populations","status":"publish","type":"post","link":"https:\/\/did-dev.net\/mineddte\/adaptation-aux-changements-climatiques-plusieurs-technologies-et-solutions-presentees-aux-populations\/","title":{"rendered":"Adaptation aux Changements Climatiques : plusieurs technologies et solutions pr\u00e9sent\u00e9es aux populations"},"content":{"rendered":"<p style=\"text-align: center;\"><img decoding=\"async\" loading=\"lazy\" class=\"size-full wp-image-3792 aligncenter\" src=\"https:\/\/did-dev.net\/mineddte\/wp-content\/uploads\/2022\/05\/ImagesArticleForumNationalTechnologie.png\" alt=\"\" width=\"847\" height=\"332\" srcset=\"https:\/\/did-dev.net\/mineddte\/wp-content\/uploads\/2022\/05\/ImagesArticleForumNationalTechnologie.png 847w, https:\/\/did-dev.net\/mineddte\/wp-content\/uploads\/2022\/05\/ImagesArticleForumNationalTechnologie-262x103.png 262w, https:\/\/did-dev.net\/mineddte\/wp-content\/uploads\/2022\/05\/ImagesArticleForumNationalTechnologie-100x39.png 100w\" sizes=\"(max-width: 847px) 100vw, 847px\" \/><\/p>\n<p style=\"text-align: justify;\"><span style=\"font-family: verdana, geneva, sans-serif; font-size: 12pt;\">Les participants au S\u00e9minaire National sur l\u2019Adaptation aux Changements Climatiques (SENACC) ont \u00e9t\u00e9 gratifi\u00e9 des initiatives des la C\u00f4te d\u2019Ivoire en la mati\u00e8re, du 16 au 19 mai 2022 \u00e0 l\u2019espace Latrille Event. En effet, plusieurs structures sont venues pr\u00e9senter leurs savoir-faire dans le domaine de l\u2019adaptation aux changements climatiques.<\/span><\/p>\n<p style=\"text-align: justify;\"><span style=\"font-family: verdana, geneva, sans-serif; font-size: 12pt;\">Il s\u2019agissait pour ces entreprises de faire conna\u00eetre les technologies et les initiatives d\u00e9velopp\u00e9es au niveau national pouvant renforcer la r\u00e9silience des populations contre les effets n\u00e9fastes des changements climatiques dans les secteurs de l\u2019agriculture, de l\u2019utilisation des terres, des ressources en eau, des ressources c\u00f4ti\u00e8res et de la sant\u00e9.<\/span><\/p>\n<p style=\"text-align: justify;\"><span style=\"font-family: verdana, geneva, sans-serif; font-size: 12pt;\">Madame Bamba Madjara Epse Coulibaly, Directrice des Administrative et Financi\u00e8re de la soci\u00e9t\u00e9 GCL FOOD, sp\u00e9cialis\u00e9e dans la commercialisation d\u2019\u00e9pices s\u2019exprime \u00e0 cet effet<em>. \u00ab\u00a0Nous encourageons les producteurs \u00e0 adopter les bonnes pratiques agricoles pour une production durable des l\u00e9gumes. Pour le curcuma, nous nous approvisionnons gr\u00e2ce aux paysans de la localit\u00e9 d\u2019Air Mankono et il nous appartient d\u2019encourager ceux-ci \u00e0 ne pas d\u00e9truire ni agresser le sol. Notre chiffre d\u2019affaires et la satisfaction de la client\u00e8le en d\u00e9pendent <\/em>\u00bb a-t-elle soutenu.<\/span><\/p>\n<p style=\"text-align: justify;\"><span style=\"font-family: verdana, geneva, sans-serif; font-size: 12pt;\">Comme madame Coulibaly, monsieur Koffi de l\u2019entreprise AGROMAP a pr\u00e9sent\u00e9 les initiatives d\u2019adaptation d\u00e9velopp\u00e9es par sa structure, portant sur l\u2019agroforesterie, l\u2019agro\u00e9cologie. \u00ab\u00a0<em>Dans le cadre du projet CACAO PROMISE de CARGIL, AGROMAP a initi\u00e9 le GREEN PROJECT2. Il vise \u00e0 sensibiliser les petits producteurs sur les opportunit\u00e9s de l\u2019agroforesterie qui se pr\u00e9sente aujourd\u2019hui comme l\u2019alternative pour la restauration du couvert forestier. Nous montrons aux producteurs qu\u2019il est possible d\u2019adapter les arbres fruitiers et forestiers \u00e0 la cacaoculture. Cela est une r\u00e9ponse imm\u00e9diate \u00e0 la lutte contre les changements climatiques\u00a0<\/em>\u00bb a expliqu\u00e9 le repr\u00e9sentant de AGROMAP.<\/span><\/p>\n<p style=\"text-align: justify;\"><span style=\"font-family: verdana, geneva, sans-serif; font-size: 12pt;\">Les secteurs de l\u2019agriculture, de l\u2019utilisation des terres, des ressources en eau, des ressources c\u00f4ti\u00e8res et de la sant\u00e9 ont tous des solutions disponibles par les exposants venus nombreux au SENACC. Cela part des engrais naturels aux solutions capables retenir l\u2019eau aupr\u00e8s des plants, du charbon bio \u00e0 base de coques de noix de coco \u00e0 la transformation \u00e0 l\u2019\u00e9chelle de produits agricoles en produits de beaut\u00e9, alimentaires et de sant\u00e9.<\/span><\/p>\n<p style=\"text-align: justify;\"><span style=\"font-family: verdana, geneva, sans-serif; font-size: 12pt;\">La prise en compte de l\u2019ACC par les populations est une pr\u00e9occupation pour l\u2019Assistant en Sciences Agronomiques \u00e0 l\u2019Universit\u00e9 Nangui Abrogoua, le Docteur Fofana Mamadou. \u00ab\u00a0<em>L\u2019approche du d\u00e9sert est la cons\u00e9quence de l\u2019agressivit\u00e9 des paysans sur les terres. Cela un est mal n\u00e9cessaire puisqu\u2019il r\u00e9pondre aux besoins alimentaires de tous. Pour inverser la tendance, j\u2019invite les agriculteurs \u00e0 se retourner vers les solutions bio et naturelles pour la fertilisation. Si nous retournons \u00e0 ces solutions, vous verrez que dans les ann\u00e9es \u00e0 venir, dans 10 ou 20 ans, la C\u00f4te d\u2019Ivoire va retrouver son niveau de productivit\u00e9 agricole et de restauration de son couvert forestier\u00a0<\/em>\u00bb, a-t-il exhort\u00e9 comme appel. \u00a0\u00a0<\/span><\/p>\n<p style=\"text-align: justify;\"><span style=\"font-family: verdana, geneva, sans-serif; font-size: 12pt;\">Install\u00e9es dans les stands d\u2019exposition, lesdites entreprises ont b\u00e9n\u00e9fici\u00e9 de la visite de toutes les personnalit\u00e9s depuis la c\u00e9r\u00e9monie d\u2019ouverture du 16 mai.<\/span><\/p>\n<p style=\"text-align: justify;\"><span style=\"font-family: verdana, geneva, sans-serif; font-size: 12pt;\">Il faut dire que le S\u00e9minaire National sur l\u2019Adaptation aux Changements Climatiques (SENACC) est pilot\u00e9 par le projet NAP-GCF et b\u00e9n\u00e9ficie de l\u2019appui scientifique du Centre d\u2019Excellence Africain sur le Changement Climatique, la Biodiversit\u00e9 et l\u2019Agriculture Durable (WASCAL\/CEA-CCBAD) de l\u2019Universit\u00e9 F\u00e9lix Houphou\u00ebt Boigny. <\/span><\/p>\n<p style=\"text-align: justify;\">\u00a0<\/p>\n","protected":false},"excerpt":{"rendered":"<p>Les participants au S\u00e9minaire National sur l\u2019Adaptation aux Changements Climatiques (SENACC) ont \u00e9t\u00e9 gratifi\u00e9 des initiatives des la C\u00f4te d\u2019Ivoire en la mati\u00e8re, du 16 au 19 mai 2022 \u00e0 [&hellip;]<\/p>\n","protected":false},"author":1,"featured_media":3792,"comment_status":"closed","ping_status":"closed","sticky":false,"template":"","format":"standard","meta":{"_lmt_disableupdate":"no","_lmt_disable":"","pgc_sgb_lightbox_settings":""},"categories":[58],"tags":[],"post_folder":[59],"modified_by":"MINEDD","_links":{"self":[{"href":"https:\/\/did-dev.net\/mineddte\/wp-json\/wp\/v2\/posts\/3791"}],"collection":[{"href":"https:\/\/did-dev.net\/mineddte\/wp-json\/wp\/v2\/posts"}],"about":[{"href":"https:\/\/did-dev.net\/mineddte\/wp-json\/wp\/v2\/types\/post"}],"author":[{"embeddable":true,"href":"https:\/\/did-dev.net\/mineddte\/wp-json\/wp\/v2\/users\/1"}],"replies":[{"embeddable":true,"href":"https:\/\/did-dev.net\/mineddte\/wp-json\/wp\/v2\/comments?post=3791"}],"version-history":[{"count":2,"href":"https:\/\/did-dev.net\/mineddte\/wp-json\/wp\/v2\/posts\/3791\/revisions"}],"predecessor-version":[{"id":3794,"href":"https:\/\/did-dev.net\/mineddte\/wp-json\/wp\/v2\/posts\/3791\/revisions\/3794"}],"wp:featuredmedia":[{"embeddable":true,"href":"https:\/\/did-dev.net\/mineddte\/wp-json\/wp\/v2\/media\/3792"}],"wp:attachment":[{"href":"https:\/\/did-dev.net\/mineddte\/wp-json\/wp\/v2\/media?parent=3791"}],"wp:term":[{"taxonomy":"category","embeddable":true,"href":"https:\/\/did-dev.net\/mineddte\/wp-json\/wp\/v2\/categories?post=3791"},{"taxonomy":"post_tag","embeddable":true,"href":"https:\/\/did-dev.net\/mineddte\/wp-json\/wp\/v2\/tags?post=3791"},{"taxonomy":"post_folder","embeddable":true,"href":"https:\/\/did-dev.net\/mineddte\/wp-json\/wp\/v2\/post_folder?post=3791"}],"curies":[{"name":"wp","href":"https:\/\/api.w.org\/{rel}","templated":true}]}}