{"id":3762,"date":"2022-03-06T16:46:40","date_gmt":"2022-03-06T16:46:40","guid":{"rendered":"https:\/\/did-dev.net\/mineddte\/?p=3762"},"modified":"2022-10-07T09:12:53","modified_gmt":"2022-10-07T09:12:53","slug":"participation-du-projet-pna-gcf-du-pnud-a-la-journee-internationale-de-la-femme-jif-2022","status":"publish","type":"post","link":"https:\/\/did-dev.net\/mineddte\/participation-du-projet-pna-gcf-du-pnud-a-la-journee-internationale-de-la-femme-jif-2022\/","title":{"rendered":"Participation du Projet PNA-GCF du PNUD \u00e0 la Journ\u00e9e Internationale de la Femme (JIF) 2022"},"content":{"rendered":"<p><\/p>\r\n<p><img decoding=\"async\" loading=\"lazy\" class=\"wp-image-3763 size-full aligncenter\" src=\"https:\/\/did-dev.net\/mineddte\/wp-content\/uploads\/2022\/04\/Article-PNA-GCF-JIF-2022-vedette.jpg\" alt=\"\" width=\"847\" height=\"332\" srcset=\"https:\/\/did-dev.net\/mineddte\/wp-content\/uploads\/2022\/04\/Article-PNA-GCF-JIF-2022-vedette.jpg 847w, https:\/\/did-dev.net\/mineddte\/wp-content\/uploads\/2022\/04\/Article-PNA-GCF-JIF-2022-vedette-262x103.jpg 262w, https:\/\/did-dev.net\/mineddte\/wp-content\/uploads\/2022\/04\/Article-PNA-GCF-JIF-2022-vedette-100x39.jpg 100w\" sizes=\"(max-width: 847px) 100vw, 847px\" \/><\/p>\r\n<p style=\"text-align: justify;\"><span style=\"font-family: verdana, geneva, sans-serif;\">Le village de la Journ\u00e9e Internationale de la Femme (JIF) 2022 a \u00e9t\u00e9 install\u00e9 en pr\u00e9lude \u00e0 la c\u00e9l\u00e9bration officielle de la JIF en C\u00f4te d\u2019Ivoire, du 06 au 08 mars 2022 \u00e0 l\u2019espace AGORA dans la Commune de Koumassi \u00e0 Abidjan. L\u2019objectif de ce village \u00e9tait de permettre aux structures partenaires du Minist\u00e8re de la Femme, de la Famille et de l\u2019Enfant de pr\u00e9senter les acquis sur la question des droits de la femme en lien avec leur secteur d\u2019activit\u00e9.<\/span><\/p>\r\n<p style=\"text-align: justify;\"><span style=\"font-family: verdana, geneva, sans-serif;\">En la mati\u00e8re, dans le contexte de mise en \u0153uvre des Contributions D\u00e9termin\u00e9es au niveau National (CDN) qui ont int\u00e9gr\u00e9es de fa\u00e7on transversale les questions de genre, le Minist\u00e8re de l\u2019Environnement et du D\u00e9veloppement Durable (MINEDD), \u00e0 travers le Programme National Changements Climatiques (PNCC), en collaboration avec le PNUD b\u00e9n\u00e9ficie d\u2019un financement du Fonds Vert pour le Climat (GCF), pour la mise en \u0153uvre du\u00a0projet de<strong> \u00ab Renforcement de l\u2019int\u00e9gration de l\u2019adaptation au changement climatique dans la planification du d\u00e9veloppement en C\u00f4te d\u2019Ivoire (NAP-GCF) \u00bb. <\/strong><\/span><\/p>\r\n<p style=\"text-align: justify;\"><span style=\"font-family: verdana, geneva, sans-serif;\">C\u2019est dans cet \u00e9lan que le projet NAP-GCF apporte un appui technique et une expertise politique au Minist\u00e8re de l\u2019Environnement et du D\u00e9veloppement Durable et au Minist\u00e8re de la Femme, de la Famille et de l\u2019Enfant pour acc\u00e9l\u00e9rer un processus de Plan National d\u2019Adaptation (PNA) qui r\u00e9pond aux questions de genre en C\u00f4te d\u2019Ivoire.<\/span><\/p>\r\n<p style=\"text-align: justify;\"><span style=\"font-family: verdana, geneva, sans-serif;\">C\u2019est ainsi qu\u2019\u00e0 l\u2019occasion de la c\u00e9l\u00e9bration nationale de la Journ\u00e9e Internationale des droits de la Femme (JIF) 2022 sous le th\u00e8me \u00ab\u00a0<strong>Egalit\u00e9 de chances pour un avenir durable en C\u00f4te d\u2019Ivoire<\/strong>\u00a0\u00bb, le projet NAP-GCF et la Cellule Genre et Inclusion Sociale du PNCC ont \u00e9t\u00e9 invit\u00e9s aux festivit\u00e9s comm\u00e9moratives. Cette participation visait \u00e0 partager leur exp\u00e9rience et les perspectives de consolidation des acquis pour d\u2019\u00e9ventuels partenariats. Elle s\u2019est faite \u00e0 travers : (i) l\u2019\u00e9mission \u00ab Entre nous les femmes \u00bb de RTI 2 afin de montrer les r\u00e9ponses du Minist\u00e8re de l\u2019Environnement face \u00e0 l\u2019adaptation des femmes en milieu rurale ; (ii) l\u2019animation d\u2019un cadre de discussion et de partage d\u2019informations avec les acteurs et actrices engag\u00e9es dans la promotion de l\u2019\u00e9galit\u00e9 du genre et l\u2019autonomisation de la femme intervenant dans les synergies du d\u00e9veloppement durable et (iii) l\u2019animation d\u2019un stand par une exposition. \u00a0<\/span><\/p>\r\n<p style=\"text-align: justify;\"><span style=\"font-family: verdana, geneva, sans-serif;\">Ce stand a \u00e9t\u00e9 visit\u00e9 par cinquante-trois (53) participants (47 femmes et 06 hommes) dont Madame Dominique OUATTARA, Premi\u00e8re Dame de la R\u00e9publique de C\u00f4te d\u2019Ivoire accompagn\u00e9e de plusieurs personnalit\u00e9s y compris Madame Carol Flore ZMERECZNIAK, Repr\u00e9sentante R\u00e9sidente du PNUD C\u00f4te d\u2019Ivoire.<\/span><\/p>\r\n<p><\/p>","protected":false},"excerpt":{"rendered":"<p>Le village de la Journ\u00e9e Internationale de la Femme (JIF) 2022 a \u00e9t\u00e9 install\u00e9 en pr\u00e9lude \u00e0 la c\u00e9l\u00e9bration officielle de la JIF en C\u00f4te d\u2019Ivoire, du 06 au 08 [&hellip;]<\/p>\n","protected":false},"author":1,"featured_media":3763,"comment_status":"closed","ping_status":"closed","sticky":false,"template":"","format":"standard","meta":{"_lmt_disableupdate":"no","_lmt_disable":"","pgc_sgb_lightbox_settings":""},"categories":[58],"tags":[],"post_folder":[59],"modified_by":"MINEDD","_links":{"self":[{"href":"https:\/\/did-dev.net\/mineddte\/wp-json\/wp\/v2\/posts\/3762"}],"collection":[{"href":"https:\/\/did-dev.net\/mineddte\/wp-json\/wp\/v2\/posts"}],"about":[{"href":"https:\/\/did-dev.net\/mineddte\/wp-json\/wp\/v2\/types\/post"}],"author":[{"embeddable":true,"href":"https:\/\/did-dev.net\/mineddte\/wp-json\/wp\/v2\/users\/1"}],"replies":[{"embeddable":true,"href":"https:\/\/did-dev.net\/mineddte\/wp-json\/wp\/v2\/comments?post=3762"}],"version-history":[{"count":1,"href":"https:\/\/did-dev.net\/mineddte\/wp-json\/wp\/v2\/posts\/3762\/revisions"}],"predecessor-version":[{"id":3764,"href":"https:\/\/did-dev.net\/mineddte\/wp-json\/wp\/v2\/posts\/3762\/revisions\/3764"}],"wp:featuredmedia":[{"embeddable":true,"href":"https:\/\/did-dev.net\/mineddte\/wp-json\/wp\/v2\/media\/3763"}],"wp:attachment":[{"href":"https:\/\/did-dev.net\/mineddte\/wp-json\/wp\/v2\/media?parent=3762"}],"wp:term":[{"taxonomy":"category","embeddable":true,"href":"https:\/\/did-dev.net\/mineddte\/wp-json\/wp\/v2\/categories?post=3762"},{"taxonomy":"post_tag","embeddable":true,"href":"https:\/\/did-dev.net\/mineddte\/wp-json\/wp\/v2\/tags?post=3762"},{"taxonomy":"post_folder","embeddable":true,"href":"https:\/\/did-dev.net\/mineddte\/wp-json\/wp\/v2\/post_folder?post=3762"}],"curies":[{"name":"wp","href":"https:\/\/api.w.org\/{rel}","templated":true}]}}