{"id":3756,"date":"2022-04-05T16:27:50","date_gmt":"2022-04-05T16:27:50","guid":{"rendered":"https:\/\/did-dev.net\/mineddte\/?p=3756"},"modified":"2022-10-07T09:11:44","modified_gmt":"2022-10-07T09:11:44","slug":"changements-climatiques-vers-la-mise-en-place-dun-systeme-national-de-mesure-de-notification-et-de-verification-mnv-ou-mrv-en-anglais-en-matiere-dadaptation-et-dattenua","status":"publish","type":"post","link":"https:\/\/did-dev.net\/mineddte\/changements-climatiques-vers-la-mise-en-place-dun-systeme-national-de-mesure-de-notification-et-de-verification-mnv-ou-mrv-en-anglais-en-matiere-dadaptation-et-dattenua\/","title":{"rendered":"Changements Climatiques : vers la mise en place d\u2019un syst\u00e8me national de Mesure, de Notification et de V\u00e9rification (MNV ou MRV en Anglais) en mati\u00e8re d\u2019Adaptation et d\u2019Att\u00e9nuation"},"content":{"rendered":"<p><\/p>\r\n<p><a href=\"https:\/\/did-dev.net\/mineddte\/wp-content\/uploads\/2022\/04\/Image-Atelier-Systeme-MNV_Grand-Bassam.jpeg\"><img decoding=\"async\" loading=\"lazy\" class=\"wp-image-3757 size-full aligncenter\" src=\"https:\/\/did-dev.net\/mineddte\/wp-content\/uploads\/2022\/04\/Image-Atelier-Systeme-MNV_Grand-Bassam.jpeg\" alt=\"\" width=\"837\" height=\"332\" srcset=\"https:\/\/did-dev.net\/mineddte\/wp-content\/uploads\/2022\/04\/Image-Atelier-Systeme-MNV_Grand-Bassam.jpeg 837w, https:\/\/did-dev.net\/mineddte\/wp-content\/uploads\/2022\/04\/Image-Atelier-Systeme-MNV_Grand-Bassam-262x104.jpeg 262w, https:\/\/did-dev.net\/mineddte\/wp-content\/uploads\/2022\/04\/Image-Atelier-Systeme-MNV_Grand-Bassam-100x40.jpeg 100w\" sizes=\"(max-width: 837px) 100vw, 837px\" \/><\/a><\/p>\r\n<p style=\"text-align: justify;\"><span style=\"font-family: verdana, geneva, sans-serif;\">Un atelier organis\u00e9 du 05 au 08 avril 2022 \u00e0 Grand-Bassam, a permis de sensibiliser une soixantaine d\u2019acteurs nationaux sur l\u2019importance des MNV et de recueillir, aupr\u00e8s de ces derniers, des donn\u00e9es et informations n\u00e9cessaires \u00e0 l\u2019\u00e9tude de faisabilit\u00e9\u00a0 en vue du d\u00e9ploiement d\u2019un Syst\u00e8me National MNV (SN-MNV) pour l\u2019adaptation et l\u2019att\u00e9nuation aux changements climatiques.<\/span><\/p>\r\n<p style=\"text-align: justify;\"><span style=\"font-family: verdana, geneva, sans-serif;\">A travers cette activit\u00e9, la C\u00f4te d\u2019Ivoire entend renforcer son cadre de transparence sur les changements climatiques, au regard de ses Contributions D\u00e9termin\u00e9es au niveau National (CDN\/NDC) r\u00e9vis\u00e9es, conform\u00e9ment aux orientations de l\u2019Accord de Paris sur le climat en 2016.<\/span><\/p>\r\n<p style=\"text-align: justify;\"><span style=\"font-family: verdana, geneva, sans-serif;\">\u00ab\u00a0<em>La mise en place dudit syst\u00e8me national est une exigence de l\u2019Accord de Paris sur le Climat<\/em>\u00a0\u00bb, a d\u00e9clar\u00e9 Richemond ASSIE, Coordonnateur du projet CBIT-FEM, au cours de la c\u00e9r\u00e9monie d\u2019ouverture.. Selon lui, cette session de consultation vise \u00e0 discuter du dispositif de l\u2019architecture, du cadre de collecte, de partage et de rapportage des donn\u00e9es n\u00e9cessaire pour les informations sur les efforts de r\u00e9duction des \u00e9missions de Gaz \u00e0 Effet de Serre.<\/span><\/p>\r\n<p style=\"text-align: justify;\"><span style=\"font-family: verdana, geneva, sans-serif;\">Par ailleurs, le syst\u00e8me MRV viendra soutenir le Plan National d\u2019Adaptation (PNA) en cours d\u2019\u00e9laboration en C\u00f4te d\u2019ivoire. Selon le Coordonnateur du PNA, Douglas ANAMAN, ce syst\u00e8me facilitera le suivi des progr\u00e8s d\u2019adaptation \u00e0 travers des indicateurs comparables, l\u2019\u00e9valuation de ces progr\u00e8s et l\u2019\u00e9tablissement d\u2019inventaire mesurable, communicable et v\u00e9rifiable.<\/span><\/p>\r\n<p style=\"text-align: justify;\"><span style=\"font-family: verdana, geneva, sans-serif;\">Mohamed SANOGO, Coordonnateur du Programme National Changements Climatiques (PNCC), d\u2019ouvrir au nom du Ministre de l\u2019Environnement et du D\u00e9veloppement Durable, cette session d\u00e9di\u00e9e aux acteurs nationaux sectoriels.<\/span><\/p>\r\n<p style=\"text-align: justify;\"><span style=\"font-family: verdana, geneva, sans-serif;\">Rappelons que le MINEDD, \u00e0 travers le PNCC et en \u00e9troite collaboration avec le PNUD b\u00e9n\u00e9ficie des appuis du Fonds Vert pour le Climat (FVC) et du Fonds pour l\u2019Environnement Mondial (FEM). Ces appuis servent \u00e0 la mise en \u0153uvre du <strong>\u00ab\u00a0Projet de renforcement de l\u2019int\u00e9gration de l\u2019adaptation aux changements climatiques dans la planification du d\u00e9veloppement en C\u00f4te d\u2019Ivoire (NAP-GCF)\u00a0\u00bb et du projet \u00ab\u00a0<\/strong><strong>Am\u00e9lioration du syst\u00e8me de transparence pour une action climatique renforc\u00e9e en C\u00f4te d\u2019Ivoire (CBIT-FEM)<\/strong>. <\/span><\/p>\r\n<p><\/p>","protected":false},"excerpt":{"rendered":"<p>Un atelier organis\u00e9 du 05 au 08 avril 2022 \u00e0 Grand-Bassam, a permis de sensibiliser une soixantaine d\u2019acteurs nationaux sur l\u2019importance des MNV et de recueillir, aupr\u00e8s de ces derniers, [&hellip;]<\/p>\n","protected":false},"author":1,"featured_media":3757,"comment_status":"closed","ping_status":"closed","sticky":false,"template":"","format":"standard","meta":{"_lmt_disableupdate":"no","_lmt_disable":"","pgc_sgb_lightbox_settings":""},"categories":[58],"tags":[],"post_folder":[59],"modified_by":"MINEDD","_links":{"self":[{"href":"https:\/\/did-dev.net\/mineddte\/wp-json\/wp\/v2\/posts\/3756"}],"collection":[{"href":"https:\/\/did-dev.net\/mineddte\/wp-json\/wp\/v2\/posts"}],"about":[{"href":"https:\/\/did-dev.net\/mineddte\/wp-json\/wp\/v2\/types\/post"}],"author":[{"embeddable":true,"href":"https:\/\/did-dev.net\/mineddte\/wp-json\/wp\/v2\/users\/1"}],"replies":[{"embeddable":true,"href":"https:\/\/did-dev.net\/mineddte\/wp-json\/wp\/v2\/comments?post=3756"}],"version-history":[{"count":1,"href":"https:\/\/did-dev.net\/mineddte\/wp-json\/wp\/v2\/posts\/3756\/revisions"}],"predecessor-version":[{"id":3758,"href":"https:\/\/did-dev.net\/mineddte\/wp-json\/wp\/v2\/posts\/3756\/revisions\/3758"}],"wp:featuredmedia":[{"embeddable":true,"href":"https:\/\/did-dev.net\/mineddte\/wp-json\/wp\/v2\/media\/3757"}],"wp:attachment":[{"href":"https:\/\/did-dev.net\/mineddte\/wp-json\/wp\/v2\/media?parent=3756"}],"wp:term":[{"taxonomy":"category","embeddable":true,"href":"https:\/\/did-dev.net\/mineddte\/wp-json\/wp\/v2\/categories?post=3756"},{"taxonomy":"post_tag","embeddable":true,"href":"https:\/\/did-dev.net\/mineddte\/wp-json\/wp\/v2\/tags?post=3756"},{"taxonomy":"post_folder","embeddable":true,"href":"https:\/\/did-dev.net\/mineddte\/wp-json\/wp\/v2\/post_folder?post=3756"}],"curies":[{"name":"wp","href":"https:\/\/api.w.org\/{rel}","templated":true}]}}