{"id":3357,"date":"2022-02-10T10:07:53","date_gmt":"2022-02-10T10:07:53","guid":{"rendered":"https:\/\/did-dev.net\/mineddte\/?p=3357"},"modified":"2022-10-07T09:10:56","modified_gmt":"2022-10-07T09:10:56","slug":"environnement-jean-luc-assi-rencontre-les-directeurs-regionaux-du-ministere","status":"publish","type":"post","link":"https:\/\/did-dev.net\/mineddte\/environnement-jean-luc-assi-rencontre-les-directeurs-regionaux-du-ministere\/","title":{"rendered":"Environnement : Jean-Luc ASSI rencontre les Directeurs R\u00e9gionaux du minist\u00e8re"},"content":{"rendered":"<p><\/p>\r\n<p><img decoding=\"async\" loading=\"lazy\" class=\"wp-image-3358 size-full aligncenter\" src=\"https:\/\/did-dev.net\/mineddte\/wp-content\/uploads\/2022\/02\/Article_DR_traite.jpeg\" alt=\"\" width=\"847\" height=\"332\" srcset=\"https:\/\/did-dev.net\/mineddte\/wp-content\/uploads\/2022\/02\/Article_DR_traite.jpeg 847w, https:\/\/did-dev.net\/mineddte\/wp-content\/uploads\/2022\/02\/Article_DR_traite-262x103.jpeg 262w, https:\/\/did-dev.net\/mineddte\/wp-content\/uploads\/2022\/02\/Article_DR_traite-100x39.jpeg 100w\" sizes=\"(max-width: 847px) 100vw, 847px\" \/><\/p>\r\n<p style=\"text-align: justify;\"><span style=\"font-family: verdana, geneva, sans-serif;\">Dans un souci d\u2019efficacit\u00e9 et de mise en \u0153uvre de la politique environnementale sur toute l\u2019\u00e9tendue du territoire, le Ministre de l\u2019Environnement et du D\u00e9veloppement Durable a rencontr\u00e9 les Directeurs R\u00e9gionaux du minist\u00e8re. C\u2019\u00e9tait le jeudi 10 f\u00e9vrier 2022, au Cabinet du ministre, sis au Plateau Tour D, 10 e \u00e9tage.<\/span><\/p>\r\n<p style=\"text-align: justify;\"><span style=\"font-family: verdana, geneva, sans-serif;\">Parlant au nom de la d\u00e9l\u00e9gation, monsieur Koutoua Sanhou a souhait\u00e9 les v\u0153ux de nouvel an de tous ses pairs au Ministre tout en soulevant les difficult\u00e9s professionnelles rencontr\u00e9es sur le terrain et le cas de l\u2019am\u00e9lioration des conditions de travail. Par ailleurs, il a salu\u00e9, au nom de tous les Directeurs, la signature des arr\u00eat\u00e9s de nomination de plusieurs de ses coll\u00e8gues.<\/span><\/p>\r\n<p style=\"text-align: justify;\"><span style=\"font-family: verdana, geneva, sans-serif;\">Dans sa prise de parole, le Ministre s\u2019est voulu rassurant sur sa disponibilit\u00e9 et son engagement \u00e0 toujours \u0153uvrer dans le sens de l\u2019am\u00e9lioration des conditions de travail. \u00ab\u00a0Depuis ma nomination, j\u2019ai entrepris des reformes qui cadrent bien avec l\u2019am\u00e9lioration des conditions de travail. C\u2019est pourquoi j\u2019ai tenu \u00e0 vous rencontrer car vous \u00eates le prolongement du Cabinet\u00a0\u00bb. Il les a invit\u00e9s \u00e0 renforcer les actions sur le terrain dans le cadre de la sensibilisation aupr\u00e8s des op\u00e9rateurs pour une application effective du code de l\u2019environnement et a partag\u00e9 un pan important de sa vision pour cette ann\u00e9e 2022. \u00ab\u00a02022 sera une ann\u00e9e d\u2019action et pour ma part, je suis dispos\u00e9 \u00e0 faire respecter la loi\u00a0\u00bb a-t-il d\u00e9clar\u00e9 pour finir.<\/span><\/p>\r\n<p style=\"text-align: justify;\"><span style=\"font-family: verdana, geneva, sans-serif;\">Sur instruction du Ministre, un groupe de travail et de r\u00e9flexion, compos\u00e9 des repr\u00e9sentants des Directeurs r\u00e9gionaux et des membres du Cabinet a \u00e9t\u00e9 mis en place pour trouver des pistes solutions appropri\u00e9es aux probl\u00e8mes mat\u00e9riels, techniques, professionnels et sociaux pour plus de dynamisme dans les actions de protection de l\u2019environnement en r\u00e9gion.\u00a0<\/span><\/p>\r\n<p><\/p>","protected":false},"excerpt":{"rendered":"<p>Dans un souci d\u2019efficacit\u00e9 et de mise en \u0153uvre de la politique environnementale sur toute l\u2019\u00e9tendue du territoire, le Ministre de l\u2019Environnement et du D\u00e9veloppement Durable a rencontr\u00e9 les Directeurs [&hellip;]<\/p>\n","protected":false},"author":1,"featured_media":3358,"comment_status":"closed","ping_status":"closed","sticky":false,"template":"","format":"standard","meta":{"_lmt_disableupdate":"no","_lmt_disable":"","pgc_sgb_lightbox_settings":""},"categories":[58],"tags":[],"post_folder":[59],"modified_by":"MINEDD","_links":{"self":[{"href":"https:\/\/did-dev.net\/mineddte\/wp-json\/wp\/v2\/posts\/3357"}],"collection":[{"href":"https:\/\/did-dev.net\/mineddte\/wp-json\/wp\/v2\/posts"}],"about":[{"href":"https:\/\/did-dev.net\/mineddte\/wp-json\/wp\/v2\/types\/post"}],"author":[{"embeddable":true,"href":"https:\/\/did-dev.net\/mineddte\/wp-json\/wp\/v2\/users\/1"}],"replies":[{"embeddable":true,"href":"https:\/\/did-dev.net\/mineddte\/wp-json\/wp\/v2\/comments?post=3357"}],"version-history":[{"count":2,"href":"https:\/\/did-dev.net\/mineddte\/wp-json\/wp\/v2\/posts\/3357\/revisions"}],"predecessor-version":[{"id":3360,"href":"https:\/\/did-dev.net\/mineddte\/wp-json\/wp\/v2\/posts\/3357\/revisions\/3360"}],"wp:featuredmedia":[{"embeddable":true,"href":"https:\/\/did-dev.net\/mineddte\/wp-json\/wp\/v2\/media\/3358"}],"wp:attachment":[{"href":"https:\/\/did-dev.net\/mineddte\/wp-json\/wp\/v2\/media?parent=3357"}],"wp:term":[{"taxonomy":"category","embeddable":true,"href":"https:\/\/did-dev.net\/mineddte\/wp-json\/wp\/v2\/categories?post=3357"},{"taxonomy":"post_tag","embeddable":true,"href":"https:\/\/did-dev.net\/mineddte\/wp-json\/wp\/v2\/tags?post=3357"},{"taxonomy":"post_folder","embeddable":true,"href":"https:\/\/did-dev.net\/mineddte\/wp-json\/wp\/v2\/post_folder?post=3357"}],"curies":[{"name":"wp","href":"https:\/\/api.w.org\/{rel}","templated":true}]}}