{"id":3234,"date":"2022-02-09T10:48:51","date_gmt":"2022-02-09T10:48:51","guid":{"rendered":"https:\/\/did-dev.net\/mineddte\/?p=3234"},"modified":"2022-10-07T09:10:32","modified_gmt":"2022-10-07T09:10:32","slug":"cop15-la-cote-divoire-lance-officiellement-les-activites-preparatoires","status":"publish","type":"post","link":"https:\/\/did-dev.net\/mineddte\/cop15-la-cote-divoire-lance-officiellement-les-activites-preparatoires\/","title":{"rendered":"COP15 : la C\u00f4te d\u2019Ivoire lance officiellement les activit\u00e9s pr\u00e9paratoires"},"content":{"rendered":"<p><\/p>\r\n<p><img decoding=\"async\" loading=\"lazy\" class=\"wp-image-3269 size-full aligncenter\" src=\"https:\/\/did-dev.net\/mineddte\/wp-content\/uploads\/2022\/02\/Lancement-Preparatifs-COP15-2.jpeg\" alt=\"\" width=\"847\" height=\"332\" srcset=\"https:\/\/did-dev.net\/mineddte\/wp-content\/uploads\/2022\/02\/Lancement-Preparatifs-COP15-2.jpeg 847w, https:\/\/did-dev.net\/mineddte\/wp-content\/uploads\/2022\/02\/Lancement-Preparatifs-COP15-2-262x103.jpeg 262w, https:\/\/did-dev.net\/mineddte\/wp-content\/uploads\/2022\/02\/Lancement-Preparatifs-COP15-2-100x39.jpeg 100w\" sizes=\"(max-width: 847px) 100vw, 847px\" \/><\/p>\r\n<p style=\"text-align: justify;\">La C\u00f4te d\u2019Ivoire abritera du 09 au 20 mai, la 15<sup>\u00e8me<\/sup> Conf\u00e9rence des Nations Unies sur la D\u00e9sertification et la S\u00e8cheresse (COP15), au Sofitel H\u00f4tel Ivoire. Dans le cadre de l\u2019organisation de cette COP sur les bords de la lagune Ebri\u00e9, le Ministre d\u2019Etat, Ministre de l\u2019Agriculture et du D\u00e9veloppement Rural qui repr\u00e9sentait le Premier Ministre ACHI Patrick, a proc\u00e9d\u00e9 au lancement officiel des activit\u00e9s pr\u00e9paratoires, ce mercredi 9 f\u00e9vrier 2022, \u00e0 l\u2019espace \u2018\u2019Latrille Event\u2019\u2019, situ\u00e9 dans la commune de Cocody. \u00a0<\/p>\r\n<p style=\"text-align: justify;\">Dans son intervention, il a soulign\u00e9 que \u00ab\u00a0l\u2019organisation de cette rencontre de haut niveau honore, une fois de plus notre pays, de recevoir toute la communaut\u00e9 scientifique, les Organisations Non-Gouvernementales, des d\u00e9cideurs de 197 pays \u00e0 leur plus haut niveau, pour r\u00e9fl\u00e9chir ensemble sur la lutte contre la D\u00e9sertification et la S\u00e9cheresse\u00a0\u00bb. En effet, la COP15 est le premier \u00e9v\u00e8nement jamais organis\u00e9 par les Nations Unies en C\u00f4te d\u2019Ivoire. D\u2019o\u00f9 la mobilisation et l\u2019implication de plusieurs minist\u00e8res techniques parmi lesquels le minist\u00e8re du Plan et du D\u00e9veloppement, des repr\u00e9sentants du minist\u00e8re en Charges des Affaires Etrang\u00e8res qui sont venus traduire l\u2019engouement au niveau \u00e9tatique pour la r\u00e9ussite de la rencontre.\u00a0\u00a0<\/p>\r\n<p style=\"text-align: justify;\">Le Ministre Jean-Luc ASSI s\u2019est exprim\u00e9 lors de ce lancement. <strong>\u00ab\u00a0<\/strong>La C\u00f4te d\u2019Ivoire est donc tout \u00e0 fait \u00e0 l\u2019aise pour abriter cette conf\u00e9rence de haut niveau et parler de cette th\u00e9matique qui affecte la s\u00e9curit\u00e9 \u00e9cologique de la plan\u00e8te, l\u2019\u00e9limination de la pauvret\u00e9, la stabilit\u00e9 socio\u00e9conomique, la sant\u00e9 et le D\u00e9veloppement durable\u00a0\u00bb, a-t-il d\u00e9clar\u00e9. Il a insist\u00e9 sur la prise de conscience g\u00e9n\u00e9rale \u00e0 l\u2019issu de cet \u00e9v\u00e8nement et les mesures concr\u00e8tes pour la restauration des terres d\u00e9grad\u00e9es pour une agriculture du futur.\u00a0<\/p>\r\n<p style=\"text-align: justify;\">C\u2019est \u00e0 juste titre que cet \u00e9v\u00e8nement est plac\u00e9 sous le th\u00e8me \u00ab\u00a0Restauration des sols arides et des for\u00eats d\u00e9grad\u00e9es pour une agriculture du futur\u00a0\u00bb. Ce lancement officiel a vu la participation des repr\u00e9sentants de plusieurs ambassades et partenaires techniques et financiers.<\/p>\r\n<p><\/p>","protected":false},"excerpt":{"rendered":"<p>La C\u00f4te d\u2019Ivoire abritera du 09 au 20 mai, la 15\u00e8me Conf\u00e9rence des Nations Unies sur la D\u00e9sertification et la S\u00e8cheresse (COP15), au Sofitel H\u00f4tel Ivoire. Dans le cadre de [&hellip;]<\/p>\n","protected":false},"author":1,"featured_media":3269,"comment_status":"closed","ping_status":"closed","sticky":false,"template":"","format":"standard","meta":{"_lmt_disableupdate":"no","_lmt_disable":"","pgc_sgb_lightbox_settings":""},"categories":[58],"tags":[],"post_folder":[59],"modified_by":"MINEDD","_links":{"self":[{"href":"https:\/\/did-dev.net\/mineddte\/wp-json\/wp\/v2\/posts\/3234"}],"collection":[{"href":"https:\/\/did-dev.net\/mineddte\/wp-json\/wp\/v2\/posts"}],"about":[{"href":"https:\/\/did-dev.net\/mineddte\/wp-json\/wp\/v2\/types\/post"}],"author":[{"embeddable":true,"href":"https:\/\/did-dev.net\/mineddte\/wp-json\/wp\/v2\/users\/1"}],"replies":[{"embeddable":true,"href":"https:\/\/did-dev.net\/mineddte\/wp-json\/wp\/v2\/comments?post=3234"}],"version-history":[{"count":3,"href":"https:\/\/did-dev.net\/mineddte\/wp-json\/wp\/v2\/posts\/3234\/revisions"}],"predecessor-version":[{"id":3271,"href":"https:\/\/did-dev.net\/mineddte\/wp-json\/wp\/v2\/posts\/3234\/revisions\/3271"}],"wp:featuredmedia":[{"embeddable":true,"href":"https:\/\/did-dev.net\/mineddte\/wp-json\/wp\/v2\/media\/3269"}],"wp:attachment":[{"href":"https:\/\/did-dev.net\/mineddte\/wp-json\/wp\/v2\/media?parent=3234"}],"wp:term":[{"taxonomy":"category","embeddable":true,"href":"https:\/\/did-dev.net\/mineddte\/wp-json\/wp\/v2\/categories?post=3234"},{"taxonomy":"post_tag","embeddable":true,"href":"https:\/\/did-dev.net\/mineddte\/wp-json\/wp\/v2\/tags?post=3234"},{"taxonomy":"post_folder","embeddable":true,"href":"https:\/\/did-dev.net\/mineddte\/wp-json\/wp\/v2\/post_folder?post=3234"}],"curies":[{"name":"wp","href":"https:\/\/api.w.org\/{rel}","templated":true}]}}