{"id":2008,"date":"2021-09-03T15:27:29","date_gmt":"2021-09-03T15:27:29","guid":{"rendered":"https:\/\/did-dev.net\/mineddte\/?p=2008"},"modified":"2022-01-20T12:58:09","modified_gmt":"2022-01-20T12:58:09","slug":"article-6","status":"publish","type":"post","link":"https:\/\/did-dev.net\/mineddte\/article-6\/","title":{"rendered":"Vaccination contre la COVID"},"content":{"rendered":"<p class=\"has-text-align-center\" style=\"text-align: center;\"><strong><img decoding=\"async\" loading=\"lazy\" class=\"size-full wp-image-2667 aligncenter\" src=\"https:\/\/did-dev.net\/mineddte\/wp-content\/uploads\/2021\/09\/Vaccination-COVID-MINEDD.png\" alt=\"\" width=\"847\" height=\"332\" srcset=\"https:\/\/did-dev.net\/mineddte\/wp-content\/uploads\/2021\/09\/Vaccination-COVID-MINEDD.png 847w, https:\/\/did-dev.net\/mineddte\/wp-content\/uploads\/2021\/09\/Vaccination-COVID-MINEDD-262x103.png 262w, https:\/\/did-dev.net\/mineddte\/wp-content\/uploads\/2021\/09\/Vaccination-COVID-MINEDD-100x39.png 100w\" sizes=\"(max-width: 847px) 100vw, 847px\" \/>Vaccination contre la COVID-19 : le personnel du Cabinet MINEDD donne le top d\u00e9part.<\/strong><!-- \/wp:paragraph -->\r\n<!-- wp:paragraph --><\/p>\r\n<p style=\"text-align: justify;\">Ce vendredi 03 septembre 2021, une s\u00e9ance de vaccination du personnel du cabinet du Minist\u00e8re de l\u2019Environnement et du D\u00e9veloppement Durable, sise au Plateau, \u00e0 la Tour D, 10<sup>e <\/sup>\u00e9tage, a eu lieu en pr\u00e9sence du Ministre Jean-Luc Assi. Elle vient donner le top d\u00e9part de l\u2019engagement de tout le personnel \u00e0 adh\u00e9rer \u00e0 la lutte contre cette pand\u00e9mie.<!-- \/wp:paragraph -->\r\n<!-- wp:paragraph --><\/p>\r\n<p style=\"text-align: justify;\">Ce fut l\u2019occasion pour Jean-Luc Assi de lancer un appel \u00e0 l\u2019effet de sensibiliser les personnes h\u00e9sitantes et les populations ivoiriennes. <em>\u00ab J\u2019invite en particulier tout le personnel \u00e0 adh\u00e9rer massivement \u00e0 cette campagne vaccinale pour le bien-\u00eatre de tous \u00bb a-t-il affirm\u00e9.<\/em> Cette s\u00e9ance de vaccination s\u2019est d\u00e9roul\u00e9e en collaboration avec l\u2019Institut Nationale de la Sant\u00e9 Publique (INSP) et l\u2019Union des ONG de C\u00f4te d\u2019Ivoire (UOCI), dont le Pr\u00e9sident est monsieur  Tap\u00e9 Mambo.<\/p>\r\n<p><!-- \/wp:paragraph --><\/p>","protected":false},"excerpt":{"rendered":"<p>Vaccination contre la COVID-19 : le personnel du Cabinet MINEDD donne le top d\u00e9part. Ce vendredi 03 septembre 2021, une s\u00e9ance de vaccination du personnel du cabinet du Minist\u00e8re de [&hellip;]<\/p>\n","protected":false},"author":1,"featured_media":2667,"comment_status":"closed","ping_status":"closed","sticky":false,"template":"","format":"standard","meta":{"_lmt_disableupdate":"no","_lmt_disable":"","pgc_sgb_lightbox_settings":""},"categories":[58],"tags":[],"post_folder":[59],"modified_by":"MINEDD","_links":{"self":[{"href":"https:\/\/did-dev.net\/mineddte\/wp-json\/wp\/v2\/posts\/2008"}],"collection":[{"href":"https:\/\/did-dev.net\/mineddte\/wp-json\/wp\/v2\/posts"}],"about":[{"href":"https:\/\/did-dev.net\/mineddte\/wp-json\/wp\/v2\/types\/post"}],"author":[{"embeddable":true,"href":"https:\/\/did-dev.net\/mineddte\/wp-json\/wp\/v2\/users\/1"}],"replies":[{"embeddable":true,"href":"https:\/\/did-dev.net\/mineddte\/wp-json\/wp\/v2\/comments?post=2008"}],"version-history":[{"count":7,"href":"https:\/\/did-dev.net\/mineddte\/wp-json\/wp\/v2\/posts\/2008\/revisions"}],"predecessor-version":[{"id":2671,"href":"https:\/\/did-dev.net\/mineddte\/wp-json\/wp\/v2\/posts\/2008\/revisions\/2671"}],"wp:featuredmedia":[{"embeddable":true,"href":"https:\/\/did-dev.net\/mineddte\/wp-json\/wp\/v2\/media\/2667"}],"wp:attachment":[{"href":"https:\/\/did-dev.net\/mineddte\/wp-json\/wp\/v2\/media?parent=2008"}],"wp:term":[{"taxonomy":"category","embeddable":true,"href":"https:\/\/did-dev.net\/mineddte\/wp-json\/wp\/v2\/categories?post=2008"},{"taxonomy":"post_tag","embeddable":true,"href":"https:\/\/did-dev.net\/mineddte\/wp-json\/wp\/v2\/tags?post=2008"},{"taxonomy":"post_folder","embeddable":true,"href":"https:\/\/did-dev.net\/mineddte\/wp-json\/wp\/v2\/post_folder?post=2008"}],"curies":[{"name":"wp","href":"https:\/\/api.w.org\/{rel}","templated":true}]}}