{"id":2002,"date":"2021-12-09T15:25:21","date_gmt":"2021-12-09T15:25:21","guid":{"rendered":"https:\/\/did-dev.net\/mineddte\/?p=2002"},"modified":"2022-10-07T09:09:06","modified_gmt":"2022-10-07T09:09:06","slug":"lutte-contre-les-polluants-organiques-persistants-les-experts-valident-la-responsabilite-elargie-des-producteurs-et-un-avant-projet-de-decret-fixant-les-mecanismes-de-gestion-durable","status":"publish","type":"post","link":"https:\/\/did-dev.net\/mineddte\/lutte-contre-les-polluants-organiques-persistants-les-experts-valident-la-responsabilite-elargie-des-producteurs-et-un-avant-projet-de-decret-fixant-les-mecanismes-de-gestion-durable\/","title":{"rendered":"Lutte contre les Polluants Organiques Persistants: les experts valident la responsabilit\u00e9 \u00e9largie des producteurs et un avant-projet de d\u00e9cret fixant les m\u00e9canismes de gestion durable"},"content":{"rendered":"<p><\/p>\r\n<p style=\"text-align: justify;\"><img decoding=\"async\" loading=\"lazy\" class=\"alignnone size-full wp-image-2839\" src=\"https:\/\/did-dev.net\/mineddte\/wp-content\/uploads\/2021\/09\/lutte.jpg\" alt=\"\" width=\"847\" height=\"332\" srcset=\"https:\/\/did-dev.net\/mineddte\/wp-content\/uploads\/2021\/09\/lutte.jpg 847w, https:\/\/did-dev.net\/mineddte\/wp-content\/uploads\/2021\/09\/lutte-262x103.jpg 262w, https:\/\/did-dev.net\/mineddte\/wp-content\/uploads\/2021\/09\/lutte-100x39.jpg 100w\" sizes=\"(max-width: 847px) 100vw, 847px\" \/><\/p>\r\n<p style=\"text-align: justify;\">Un atelier national de validation portant sur le syst\u00e8me de financement des d\u00e9chets \u00e9lectriques et \u00e9lectroniques (DEEE) et des v\u00e9hicules en fin de vie (VFV), dans le cadre du projet de lutte contre les polluants organiques persistants (POPs), s\u2019est tenu le jeudi 09 d\u00e9cembre 2021, \u00e0 l\u2019h\u00f4tel Palm Club, sis \u00e0 Cocody.<\/p>\r\n<p style=\"text-align: justify;\">Monsieur Parfait KOUADIO, Directeur de Cabinet du Minist\u00e8re de l\u2019Environnement et du D\u00e9veloppement Durable a pr\u00e9sid\u00e9 la c\u00e9r\u00e9monie d\u2019ouverture, \u00e0 laquelle ont pris part monsieur Tidjane BOYE, Repr\u00e9sentant R\u00e9sident de l\u2019Organisation des Nations Unies pour le D\u00e9veloppement Industrielle en C\u00f4te d\u2019Ivoire (ONUDI) et de madame GNEPIE Eunice, qui a repr\u00e9sent\u00e9 le Fonds pour l\u2019Environnement Mondial (FEM).<\/p>\r\n<p style=\"text-align: justify;\">Deux temps forts ont marqu\u00e9 cet atelier. Il s\u2019agissait d\u2019une part, pour les participants d\u2019analyser la \u00ab m\u00e9thodologie d&#8217;application d&#8217;un syst\u00e8me de responsabilit\u00e9 \u00e9largie des producteurs \u00bb en C\u00f4te d\u2019Ivoire, \u00e0 travers un cadre r\u00e8glementaire et des m\u00e9canismes de contr\u00f4les. Une pr\u00e9sentation a sanctionn\u00e9 cette partie. Elle a \u00e9t\u00e9 faite par monsieur CARBAJOSA Ram\u00f3n Jos\u00e9, Expert-consultant international sur le projet UOPO-CI. Il \u00e9tait accompagn\u00e9 dans cette t\u00e2che par madame Fernandez Clara, Charg\u00e9e de projet au bureau de l\u2019ONUDI, \u00e0 Vienne.<\/p>\r\n<p style=\"text-align: justify;\">D\u2019autre part, les participants ont eu droit \u00e0 une pr\u00e9sentation de l\u2019avant-projet de d\u00e9cret fixant les m\u00e9canismes de gestion durable des d\u00e9chets d\u2019\u00e9quipements \u00e9lectriques et \u00e9lectroniques et des v\u00e9hicules en fin de vie pouvant contenir des polluants organiques persistants. C\u2019est monsieur Dakouri Raph\u00e6l ZADI, expert juriste sur le projet qui en a eu la charge.<\/p>\r\n<p style=\"text-align: justify;\">Pour rappel, le projet UPOPs est un projet qui vise \u00e0 lutter contre les polluants organiques persistants issus des DEEE et des VFV. Il est financ\u00e9 par le FEM et mis en \u0153uvre par l\u2019ONUDI.<\/p>\r\n<p><\/p>","protected":false},"excerpt":{"rendered":"<p>Un atelier national de validation portant sur le syst\u00e8me de financement des d\u00e9chets \u00e9lectriques et \u00e9lectroniques (DEEE) et des v\u00e9hicules en fin de vie (VFV), dans le cadre du projet [&hellip;]<\/p>\n","protected":false},"author":1,"featured_media":2839,"comment_status":"closed","ping_status":"closed","sticky":false,"template":"","format":"standard","meta":{"_lmt_disableupdate":"no","_lmt_disable":"","pgc_sgb_lightbox_settings":""},"categories":[58],"tags":[],"post_folder":[59],"modified_by":"MINEDD","_links":{"self":[{"href":"https:\/\/did-dev.net\/mineddte\/wp-json\/wp\/v2\/posts\/2002"}],"collection":[{"href":"https:\/\/did-dev.net\/mineddte\/wp-json\/wp\/v2\/posts"}],"about":[{"href":"https:\/\/did-dev.net\/mineddte\/wp-json\/wp\/v2\/types\/post"}],"author":[{"embeddable":true,"href":"https:\/\/did-dev.net\/mineddte\/wp-json\/wp\/v2\/users\/1"}],"replies":[{"embeddable":true,"href":"https:\/\/did-dev.net\/mineddte\/wp-json\/wp\/v2\/comments?post=2002"}],"version-history":[{"count":2,"href":"https:\/\/did-dev.net\/mineddte\/wp-json\/wp\/v2\/posts\/2002\/revisions"}],"predecessor-version":[{"id":2840,"href":"https:\/\/did-dev.net\/mineddte\/wp-json\/wp\/v2\/posts\/2002\/revisions\/2840"}],"wp:featuredmedia":[{"embeddable":true,"href":"https:\/\/did-dev.net\/mineddte\/wp-json\/wp\/v2\/media\/2839"}],"wp:attachment":[{"href":"https:\/\/did-dev.net\/mineddte\/wp-json\/wp\/v2\/media?parent=2002"}],"wp:term":[{"taxonomy":"category","embeddable":true,"href":"https:\/\/did-dev.net\/mineddte\/wp-json\/wp\/v2\/categories?post=2002"},{"taxonomy":"post_tag","embeddable":true,"href":"https:\/\/did-dev.net\/mineddte\/wp-json\/wp\/v2\/tags?post=2002"},{"taxonomy":"post_folder","embeddable":true,"href":"https:\/\/did-dev.net\/mineddte\/wp-json\/wp\/v2\/post_folder?post=2002"}],"curies":[{"name":"wp","href":"https:\/\/api.w.org\/{rel}","templated":true}]}}