{"id":2000,"date":"2021-12-03T15:24:34","date_gmt":"2021-12-03T15:24:34","guid":{"rendered":"https:\/\/did-dev.net\/mineddte\/?p=2000"},"modified":"2022-10-07T09:12:02","modified_gmt":"2022-10-07T09:12:02","slug":"education-environnementale-la-cote-divoire-opte-pour-une-strategie-nationale-dapprentissage-sur-les-changements-climatiques","status":"publish","type":"post","link":"https:\/\/did-dev.net\/mineddte\/education-environnementale-la-cote-divoire-opte-pour-une-strategie-nationale-dapprentissage-sur-les-changements-climatiques\/","title":{"rendered":"Education environnementale : la C\u00f4te d\u2019Ivoire opte pour une Strat\u00e9gie Nationale d\u2019Apprentissage sur les Changements Climatiques"},"content":{"rendered":"<p><\/p>\r\n<p style=\"text-align: justify;\"><img decoding=\"async\" loading=\"lazy\" class=\"size-full wp-image-2837 aligncenter\" src=\"https:\/\/did-dev.net\/mineddte\/wp-content\/uploads\/2021\/09\/Education-environnementale.jpg\" alt=\"\" width=\"847\" height=\"332\" srcset=\"https:\/\/did-dev.net\/mineddte\/wp-content\/uploads\/2021\/09\/Education-environnementale.jpg 847w, https:\/\/did-dev.net\/mineddte\/wp-content\/uploads\/2021\/09\/Education-environnementale-262x103.jpg 262w, https:\/\/did-dev.net\/mineddte\/wp-content\/uploads\/2021\/09\/Education-environnementale-100x39.jpg 100w\" sizes=\"(max-width: 847px) 100vw, 847px\" \/><\/p>\r\n<p style=\"text-align: justify;\"><span style=\"font-family: verdana, geneva, sans-serif;\">Le Minist\u00e8re de l\u2019Environnement et du D\u00e9veloppement Durable (MINEDD) \u00e0 travers le Programme National Changements Climatiques (PNCC) et en collaboration avec le PNUD, a organis\u00e9 un atelier de validation de la Strat\u00e9gie Nationale d\u2019Apprentissage sur le Changement Climatique (SNACC 2022-2026). Cette activit\u00e9 d\u2019une journ\u00e9e s\u2019est tenu \u00e0 Seen Hotel, au Plateau, le vendredi 03 d\u00e9cembre 2021. Une c\u00e9r\u00e9monie d\u2019ouverture marqu\u00e9e par deux allocutions, a pr\u00e9c\u00e9d\u00e9 le d\u00e9but travaux. Ainsi, monsieur AGBRI Lako, Expert Climat sur le Projet NAP-GCF, a au nom de Madame la Repr\u00e9sentante R\u00e9sidente du PNUD, remerci\u00e9 le Minist\u00e8re de l\u2019Environnement et du D\u00e9veloppement Durable pour la confiance renouvel\u00e9e au Programme des Nations Unies pour le D\u00e9veloppement (PNUD), au bailleur du Projet, notamment, le Fonds Vert pour le Climat (GCF) dans le cadre de l\u2019organisation de cet atelier. Il a insist\u00e9 sur le fait que la strat\u00e9gie nationale d\u2019apprentissage sur les changements climatiques (SNACC) concr\u00e9tise la volont\u00e9 du Gouvernement ivoirien de s\u2019orienter vers plus de coh\u00e9rence dans son engagement \u00e0 lutter contre les changements climatiques. \u00ab C\u2019est une opportunit\u00e9 pour le pays d\u2019int\u00e9grer la question de l\u2019\u00e9ducation et la formation sur le changement climatique via l\u2019apprentissage, voire le renforcement de capacit\u00e9s dans le syst\u00e8me \u00e9ducatif \u00bb, s\u2019est-il exprim\u00e9.<\/span><\/p>\r\n<p style=\"text-align: justify;\"><span style=\"font-family: verdana, geneva, sans-serif;\">En effet, la SNACC s\u2019inscrit dans une dynamique globale qui vise \u00e0 accompagner la mise en \u0153uvre des Contributions D\u00e9termin\u00e9es au niveau National (CDN), du processus PNA (Plan National d\u2019Adaptation) et des autres plans de lutte contre le changement climatique en C\u00f4te d\u2019Ivoire.<\/span><\/p>\r\n<p style=\"text-align: justify;\"><span style=\"font-family: verdana, geneva, sans-serif;\">Le Coordonnateur du Programme National Changements Climatiques (PNCC), Mohamed SANOGO, a prononc\u00e9 l\u2019allocution d\u2019ouverture. Repr\u00e9sentant le Ministre de l\u2019Environnement et du D\u00e9veloppement Durable, monsieur Jean-Luc ASSI, il a rappel\u00e9 que dans le cadre de la Convention Cadre des Nations Unies sur les Changements Climatiques (CCNUCC) et de l&#8217;Accord de Paris sur le climat, les pays, parties prenantes ont d\u00e9fini la n\u00e9cessit\u00e9 d&#8217;agir pour l&#8217;autonomisation climatique \u00e0 travers l\u2019\u00e9ducation, la formation, la sensibilisation, la participation du public, l\u2019acc\u00e8s du public \u00e0 l&#8217;information et la coop\u00e9ration internationale et r\u00e9gionale. \u00ab L&#8217;\u00e9ducation et l&#8217;autonomisation des populations en mati\u00e8re de changement climatique sont essentielles pour atteindre les objectifs de l&#8217;Accord de Paris. En effet, l\u2019ACE vise \u00e0 ne laisser personne derri\u00e8re et inspire et encourage chacun \u00e0 amplifier les efforts pour une transition juste vers un avenir respectueux du climat et durable pour les g\u00e9n\u00e9rations pr\u00e9sentes et futures \u00bb, a rassur\u00e9 Mohamed SANOGO. La Strat\u00e9gie Nationale l\u2019Apprentissage sur les Changements Climatiques (SNACC) vise \u00e0 renforcer les connaissances et les comp\u00e9tences en mati\u00e8re de changement climatique dans l\u2019ensemble de la soci\u00e9t\u00e9 ivoirienne. Trois axes strat\u00e9giques sont dans sa ligne de mire. Ce sont notamment, le renforcement des capacit\u00e9s individuelles et institutionnelles des secteurs cl\u00e9s et\/ou connexes, l\u2019int\u00e9gration des questions de changement climatique dans les syst\u00e8mes nationaux d\u2019\u00e9ducation et de formation, le renforcement des capacit\u00e9s sur les m\u00e9canismes de financement durable pour l&#8217;apprentissage en mati\u00e8re de changement climatique. D\u2019o\u00f9 le sens de cette perspective \u00e9mis par le Coordonnateur du PNCC \u00ab cette Strat\u00e9gie est appel\u00e9e \u00e0 devenir un v\u00e9ritable gouvernail devant nous amener \u00e0 construire les bases solides sur lesquelles les populations peuvent s\u2019appuyer pour promouvoir les fa\u00e7ons de faire respectueuses du climat \u00bb, a-t-il lanc\u00e9. Au cours des travaux, la quarantaine de participants convi\u00e9s \u00e9tait issue de minist\u00e8res techniques et sectoriels, de centre de recherches, d\u2019universit\u00e9s publiques, de structures sp\u00e9cialis\u00e9es, des collectivit\u00e9s territoriales, du secteur priv\u00e9 et de la soci\u00e9t\u00e9 civile. Elle a formul\u00e9 des recommandations fortes en vue de finaliser cet important document de strat\u00e9gie.<\/span><\/p>\r\n<p><\/p>","protected":false},"excerpt":{"rendered":"<p>Le Minist\u00e8re de l\u2019Environnement et du D\u00e9veloppement Durable (MINEDD) \u00e0 travers le Programme National Changements Climatiques (PNCC) et en collaboration avec le PNUD, a organis\u00e9 un atelier de validation de [&hellip;]<\/p>\n","protected":false},"author":1,"featured_media":2837,"comment_status":"closed","ping_status":"closed","sticky":false,"template":"","format":"standard","meta":{"_lmt_disableupdate":"no","_lmt_disable":"","pgc_sgb_lightbox_settings":""},"categories":[58],"tags":[],"post_folder":[59],"modified_by":"MINEDD","_links":{"self":[{"href":"https:\/\/did-dev.net\/mineddte\/wp-json\/wp\/v2\/posts\/2000"}],"collection":[{"href":"https:\/\/did-dev.net\/mineddte\/wp-json\/wp\/v2\/posts"}],"about":[{"href":"https:\/\/did-dev.net\/mineddte\/wp-json\/wp\/v2\/types\/post"}],"author":[{"embeddable":true,"href":"https:\/\/did-dev.net\/mineddte\/wp-json\/wp\/v2\/users\/1"}],"replies":[{"embeddable":true,"href":"https:\/\/did-dev.net\/mineddte\/wp-json\/wp\/v2\/comments?post=2000"}],"version-history":[{"count":3,"href":"https:\/\/did-dev.net\/mineddte\/wp-json\/wp\/v2\/posts\/2000\/revisions"}],"predecessor-version":[{"id":3037,"href":"https:\/\/did-dev.net\/mineddte\/wp-json\/wp\/v2\/posts\/2000\/revisions\/3037"}],"wp:featuredmedia":[{"embeddable":true,"href":"https:\/\/did-dev.net\/mineddte\/wp-json\/wp\/v2\/media\/2837"}],"wp:attachment":[{"href":"https:\/\/did-dev.net\/mineddte\/wp-json\/wp\/v2\/media?parent=2000"}],"wp:term":[{"taxonomy":"category","embeddable":true,"href":"https:\/\/did-dev.net\/mineddte\/wp-json\/wp\/v2\/categories?post=2000"},{"taxonomy":"post_tag","embeddable":true,"href":"https:\/\/did-dev.net\/mineddte\/wp-json\/wp\/v2\/tags?post=2000"},{"taxonomy":"post_folder","embeddable":true,"href":"https:\/\/did-dev.net\/mineddte\/wp-json\/wp\/v2\/post_folder?post=2000"}],"curies":[{"name":"wp","href":"https:\/\/api.w.org\/{rel}","templated":true}]}}