{"id":1982,"date":"2021-12-16T14:59:59","date_gmt":"2021-12-16T14:59:59","guid":{"rendered":"https:\/\/did-dev.net\/mineddte\/?p=1982"},"modified":"2022-10-07T09:09:31","modified_gmt":"2022-10-07T09:09:31","slug":"changement-et-finance-climatique-plusieurs-parlementaires-et-senateurs-renforcent-leur-capacite","status":"publish","type":"post","link":"https:\/\/did-dev.net\/mineddte\/changement-et-finance-climatique-plusieurs-parlementaires-et-senateurs-renforcent-leur-capacite\/","title":{"rendered":"Changement et finance climatique: plusieurs parlementaires et s\u00e9nateurs renforcent leur capacit\u00e9"},"content":{"rendered":"<p><\/p>\r\n<p style=\"text-align: justify;\"><img decoding=\"async\" loading=\"lazy\" class=\"alignnone size-full wp-image-2835\" src=\"https:\/\/did-dev.net\/mineddte\/wp-content\/uploads\/2021\/09\/2_ok.jpg\" alt=\"\" width=\"847\" height=\"332\" srcset=\"https:\/\/did-dev.net\/mineddte\/wp-content\/uploads\/2021\/09\/2_ok.jpg 847w, https:\/\/did-dev.net\/mineddte\/wp-content\/uploads\/2021\/09\/2_ok-262x103.jpg 262w, https:\/\/did-dev.net\/mineddte\/wp-content\/uploads\/2021\/09\/2_ok-100x39.jpg 100w\" sizes=\"(max-width: 847px) 100vw, 847px\" \/><\/p>\r\n<p style=\"text-align: justify;\">Apr\u00e8s avoir b\u00e9n\u00e9fici\u00e9 d\u2019une subvention du Fonds Vert pour le Climat (FVC) en 2017, pour l\u2019\u00e9laboration de son programme pays (PP) qui regroupe les axes et actions retenus comme \u00ab priorit\u00e9 d\u2019investissement \u00bb, la C\u00f4te d\u2019Ivoire, \u00e0 travers le Minist\u00e8re de l\u2019Environnement et du D\u00e9veloppement Durable (MINEDD), est r\u00e9solument tourn\u00e9e vers sa mise en \u0153uvre.<\/p>\r\n<p style=\"text-align: justify;\">C\u2019est ce qui justifie l\u2019organisation par l\u2019Autorit\u00e9 Nationale D\u00e9sign\u00e9e du Fonds Vert pour le Climat, en collaboration avec le Fonds Interprofessionnel pour la Recherche et le Conseil Agricole (FIRCA), de l\u2019atelier de renforcement des capacit\u00e9s de plusieurs repr\u00e9sentants de l\u2019Assembl\u00e9e Nationale et du S\u00e9nat ce jeudi 16 d\u00e9cembre 2021 \u00e0 l\u2019Auditorium du Fonds Interprofessionnel pour la Recherche et le Conseil Agricole (FIRCA).<\/p>\r\n<p style=\"text-align: justify;\">\u00ab En cette journ\u00e9e, il s\u2019agit de la formation des deux chambres constitu\u00e9es de notre pays sur les notions et enjeux du changement climatique, mais surtout sur la question de mobilisation de financement en vue de mieux adresser les probl\u00e8mes de vuln\u00e9rabilit\u00e9s dont souffrent nos populations \u00bb, a dit monsieur Yao Marcel, Point Focal du Fonds Vert pour le Climat. Il a soulign\u00e9 que cet atelier devrait permettre d\u2019outiller les participants afin de faciliter l\u2019accompagnement du MINEDD dans la prise des d\u00e9cisions pour la mise en \u0153uvre de son programme pays.<\/p>\r\n<p style=\"text-align: justify;\">Le ministre de l\u2019Environnement et du D\u00e9veloppement Durable, monsieur Jean-Luc ASSI a proc\u00e9d\u00e9 \u00e0 l\u2019ouverture de cet atelier. En plus de remercier les parlementaires et s\u00e9nateurs pour leur participation, il a rappel\u00e9 quelques attentes de cette rencontre. \u00ab Je souhaite, au sortir de ces travaux, que vous soyez suffisamment sensibilis\u00e9s sur les impacts environnementaux li\u00e9s aux changements climatiques, inform\u00e9s sur l\u2019importance de la participation des parlementaires, outill\u00e9s pour remplir clairement votre r\u00f4le de promotion des engagements nationaux pour le climat, inform\u00e9s pour mieux documenter, diffuser et soutenir les sujets li\u00e9s aux changements climatiques pour une meilleure prise de d\u00e9cision \u00bb. a-t-il d\u00e9clar\u00e9.<\/p>\r\n<p style=\"text-align: justify;\">Conform\u00e9ment aux recommandations de l\u2018Accord de Paris sur le climat de 2015 ratifi\u00e9 par la C\u00f4te d\u2019Ivoire, Jean-Luc ASSI annonc\u00e9 que son d\u00e9partement minist\u00e9riel a initi\u00e9 un avant-projet de loi sur le changement climatique et une \u00e9tude de pr\u00e9faisabilit\u00e9 qui vise la cr\u00e9ation d\u2019une agence sur le climat. A ce sujet, il a exhort\u00e9 les participants en ces termes \u00ab j\u2019aimerais pourvoir compter sur vous pour \u00eatre les porte-voix aupr\u00e8s de vos pairs, pour que nous arrivons ensemble \u00e0 la validation d\u2019une loi sur le changement climatique, traduisant ainsi l\u2019accord de Paris et la mise sur pied de cette agence qui sera l\u2019interlocuteur direct en mati\u00e8re de mobilisation de ressources et de suivi de l\u2019action climatique \u00bb.<\/p>\r\n<p style=\"text-align: justify;\">Monsieur ATSIN Yao L\u00e9on, Directeur Ex\u00e9cutif du FIRCA, monsieur Yao Koffi Jean-Paul, Vice-Pr\u00e9sident et chef de la d\u00e9l\u00e9gation de l\u2019Assembl\u00e9e Nationale, Madame Bla Nadine, chef de la d\u00e9l\u00e9gation du S\u00e9nat ont pris \u00e0 cette c\u00e9r\u00e9monie. Les travaux ont \u00e9t\u00e9 marqu\u00e9s par des pr\u00e9sentations et des \u00e9changes avec les experts sp\u00e9cialement convi\u00e9s.<\/p>\r\n<p><\/p>","protected":false},"excerpt":{"rendered":"<p>Apr\u00e8s avoir b\u00e9n\u00e9fici\u00e9 d\u2019une subvention du Fonds Vert pour le Climat (FVC) en 2017, pour l\u2019\u00e9laboration de son programme pays (PP) qui regroupe les axes et actions retenus comme \u00ab [&hellip;]<\/p>\n","protected":false},"author":1,"featured_media":2835,"comment_status":"closed","ping_status":"closed","sticky":false,"template":"","format":"standard","meta":{"_lmt_disableupdate":"no","_lmt_disable":"","pgc_sgb_lightbox_settings":""},"categories":[58],"tags":[],"post_folder":[59],"modified_by":"MINEDD","_links":{"self":[{"href":"https:\/\/did-dev.net\/mineddte\/wp-json\/wp\/v2\/posts\/1982"}],"collection":[{"href":"https:\/\/did-dev.net\/mineddte\/wp-json\/wp\/v2\/posts"}],"about":[{"href":"https:\/\/did-dev.net\/mineddte\/wp-json\/wp\/v2\/types\/post"}],"author":[{"embeddable":true,"href":"https:\/\/did-dev.net\/mineddte\/wp-json\/wp\/v2\/users\/1"}],"replies":[{"embeddable":true,"href":"https:\/\/did-dev.net\/mineddte\/wp-json\/wp\/v2\/comments?post=1982"}],"version-history":[{"count":8,"href":"https:\/\/did-dev.net\/mineddte\/wp-json\/wp\/v2\/posts\/1982\/revisions"}],"predecessor-version":[{"id":2836,"href":"https:\/\/did-dev.net\/mineddte\/wp-json\/wp\/v2\/posts\/1982\/revisions\/2836"}],"wp:featuredmedia":[{"embeddable":true,"href":"https:\/\/did-dev.net\/mineddte\/wp-json\/wp\/v2\/media\/2835"}],"wp:attachment":[{"href":"https:\/\/did-dev.net\/mineddte\/wp-json\/wp\/v2\/media?parent=1982"}],"wp:term":[{"taxonomy":"category","embeddable":true,"href":"https:\/\/did-dev.net\/mineddte\/wp-json\/wp\/v2\/categories?post=1982"},{"taxonomy":"post_tag","embeddable":true,"href":"https:\/\/did-dev.net\/mineddte\/wp-json\/wp\/v2\/tags?post=1982"},{"taxonomy":"post_folder","embeddable":true,"href":"https:\/\/did-dev.net\/mineddte\/wp-json\/wp\/v2\/post_folder?post=1982"}],"curies":[{"name":"wp","href":"https:\/\/api.w.org\/{rel}","templated":true}]}}