{"id":6022,"global_id":"did-dev.net\/mineddte?id=6022","global_id_lineage":["did-dev.net\/mineddte?id=6022"],"author":"1","status":"publish","date":"2025-03-08 13:22:57","date_utc":"2025-03-08 13:22:57","modified":"2025-03-11 08:41:16","modified_utc":"2025-03-11 08:41:16","url":"https:\/\/did-dev.net\/mineddte\/event\/table-ronde-de-discussions-impact-des-changements-climatiques-sur-leconomie-ivoirienne\/","rest_url":"https:\/\/did-dev.net\/mineddte\/wp-json\/tribe\/events\/v1\/events\/6022","title":"TABLE RONDE DE DISCUSSIONS: IMPACT DES CHANGEMENTS CLIMATIQUES SUR L\u2019ECONOMIE IVOIRIENNE","description":"","excerpt":"","slug":"table-ronde-de-discussions-impact-des-changements-climatiques-sur-leconomie-ivoirienne","image":{"url":"https:\/\/did-dev.net\/mineddte\/wp-content\/uploads\/2025\/03\/Sans-titre-1_Plan-de-travail-1.jpg","id":6023,"extension":"jpg","width":2401,"height":942,"filesize":932002,"sizes":{"medium":{"width":262,"height":103,"mime-type":"image\/jpeg","filesize":37533,"url":"https:\/\/did-dev.net\/mineddte\/wp-content\/uploads\/2025\/03\/Sans-titre-1_Plan-de-travail-1-262x103.jpg"},"large":{"width":847,"height":332,"mime-type":"image\/jpeg","filesize":83193,"url":"https:\/\/did-dev.net\/mineddte\/wp-content\/uploads\/2025\/03\/Sans-titre-1_Plan-de-travail-1-847x332.jpg"},"thumbnail":{"width":100,"height":39,"mime-type":"image\/jpeg","filesize":31653,"url":"https:\/\/did-dev.net\/mineddte\/wp-content\/uploads\/2025\/03\/Sans-titre-1_Plan-de-travail-1-100x39.jpg"},"thumblist":{"width":300,"height":300,"mime-type":"image\/jpeg","filesize":56471,"url":"https:\/\/did-dev.net\/mineddte\/wp-content\/uploads\/2025\/03\/Sans-titre-1_Plan-de-travail-1-300x300.jpg"},"meccarouselthumb":{"width":474,"height":324,"mime-type":"image\/jpeg","filesize":68255,"url":"https:\/\/did-dev.net\/mineddte\/wp-content\/uploads\/2025\/03\/Sans-titre-1_Plan-de-travail-1-474x324.jpg"},"gridsquare":{"width":391,"height":260,"mime-type":"image\/jpeg","filesize":56389,"url":"https:\/\/did-dev.net\/mineddte\/wp-content\/uploads\/2025\/03\/Sans-titre-1_Plan-de-travail-1-391x260.jpg"},"tileview":{"width":300,"height":400,"mime-type":"image\/jpeg","filesize":63841,"url":"https:\/\/did-dev.net\/mineddte\/wp-content\/uploads\/2025\/03\/Sans-titre-1_Plan-de-travail-1-300x400.jpg"},"1536x1536":{"width":1536,"height":603,"mime-type":"image\/jpeg","filesize":168263,"url":"https:\/\/did-dev.net\/mineddte\/wp-content\/uploads\/2025\/03\/Sans-titre-1_Plan-de-travail-1-1536x603.jpg"},"2048x2048":{"width":2048,"height":804,"mime-type":"image\/jpeg","filesize":244212,"url":"https:\/\/did-dev.net\/mineddte\/wp-content\/uploads\/2025\/03\/Sans-titre-1_Plan-de-travail-1-2048x804.jpg"},"post-thumbnail":{"width":262,"height":103,"mime-type":"image\/jpeg","filesize":37533,"url":"https:\/\/did-dev.net\/mineddte\/wp-content\/uploads\/2025\/03\/Sans-titre-1_Plan-de-travail-1-262x103.jpg"}}},"all_day":true,"start_date":"2025-03-18 00:00:00","start_date_details":{"year":"2025","month":"03","day":"18","hour":"00","minutes":"00","seconds":"00"},"end_date":"2025-03-18 23:59:59","end_date_details":{"year":"2025","month":"03","day":"18","hour":"23","minutes":"59","seconds":"59"},"utc_start_date":"2025-03-18 00:00:00","utc_start_date_details":{"year":"2025","month":"03","day":"18","hour":"00","minutes":"00","seconds":"00"},"utc_end_date":"2025-03-18 23:59:59","utc_end_date_details":{"year":"2025","month":"03","day":"18","hour":"23","minutes":"59","seconds":"59"},"timezone":"UTC+0","timezone_abbr":"UTC+0","cost":"","cost_details":{"currency_symbol":"","currency_code":"","currency_position":"prefix","values":[]},"website":"","show_map":false,"show_map_link":true,"hide_from_listings":false,"sticky":false,"featured":false,"categories":[{"name":"AGENDA","slug":"agenda","term_group":0,"term_taxonomy_id":50,"taxonomy":"tribe_events_cat","description":"","parent":0,"count":11,"filter":"raw","id":50,"urls":{"self":"https:\/\/did-dev.net\/mineddte\/wp-json\/tribe\/events\/v1\/categories\/50","collection":"https:\/\/did-dev.net\/mineddte\/wp-json\/tribe\/events\/v1\/categories"}}],"tags":[],"venue":{"id":6025,"author":"1","status":"publish","date":"2025-03-08 13:22:57","date_utc":"2025-03-08 13:22:57","modified":"2025-03-08 13:22:57","modified_utc":"2025-03-08 13:22:57","url":"https:\/\/did-dev.net\/mineddte\/lieu\/noom-hotel-abidjan-plateau\/","venue":"Noom H\u00f4tel Abidjan-Plateau","slug":"noom-hotel-abidjan-plateau","country":"C\u00f4te d'Ivoire","website":"Abidjan","json_ld":{"@type":"Place","name":"Noom H\u00f4tel Abidjan-Plateau","description":"","url":"","address":{"@type":"PostalAddress","addressCountry":"C\u00f4te d&#039;Ivoire"},"telephone":"","sameAs":"Abidjan"},"show_map":true,"show_map_link":true,"global_id":"did-dev.net\/mineddte?id=6025","global_id_lineage":["did-dev.net\/mineddte?id=6025"]},"organizer":[],"json_ld":{"@context":"http:\/\/schema.org","@type":"Event","name":"TABLE RONDE DE DISCUSSIONS: IMPACT DES CHANGEMENTS CLIMATIQUES SUR L\u2019ECONOMIE IVOIRIENNE","description":"","image":"https:\/\/did-dev.net\/mineddte\/wp-content\/uploads\/2025\/03\/Sans-titre-1_Plan-de-travail-1.jpg","url":"https:\/\/did-dev.net\/mineddte\/event\/table-ronde-de-discussions-impact-des-changements-climatiques-sur-leconomie-ivoirienne\/","eventAttendanceMode":"https:\/\/schema.org\/OfflineEventAttendanceMode","startDate":"2025-03-18T00:00:00+00:00","endDate":"2025-03-18T23:59:59+00:00","location":{"@type":"Place","name":"Noom H\u00f4tel Abidjan-Plateau","description":"","url":"","address":{"@type":"PostalAddress","addressCountry":"C\u00f4te d&#039;Ivoire"},"telephone":"","sameAs":"Abidjan"},"performer":"Organization"}}